{"id":141125,"date":"2019-12-17T08:34:33","date_gmt":"2019-12-17T11:34:33","guid":{"rendered":"http:\/\/www.caririemacao.com\/1\/?p=141125"},"modified":"2019-12-17T08:34:33","modified_gmt":"2019-12-17T11:34:33","slug":"operacao-calvario-veja-quem-sao-os-alvos-de-mandados-de-prisao","status":"publish","type":"post","link":"https:\/\/www.caririemacao.com\/1\/2019\/12\/17\/operacao-calvario-veja-quem-sao-os-alvos-de-mandados-de-prisao\/","title":{"rendered":"Opera\u00e7\u00e3o Calv\u00e1rio: veja quem s\u00e3o os alvos de mandados de pris\u00e3o"},"content":{"rendered":"\n<p>A s\u00e9tima fase da Opera\u00e7\u00e3o Calv\u00e1rio\u00a0est\u00e1 nas ruas desde o in\u00edcio da manh\u00e3 desta ter\u00e7a-feira (17), onde cumpre 54 mandados de busca e apreens\u00e3o e 17 mandados de pris\u00e3o preventiva nos estados da Para\u00edba, Rio Grande do Norte, Goi\u00e1s, Paran\u00e1 e Rio de Janeiro.<\/p>\n\n\n\n<p>Na Para\u00edba, um dos alvos de pris\u00e3o preventiva \u00e9 o\u00a0ex-governador Ricardo Coutinho (PSB), que encontra-se fora do pa\u00eds.<\/p>\n\n\n\n<p>Al\u00e9m de Ricardo, confira quem s\u00e3o s alvos dos mandados de pris\u00e3o preventiva:<\/p>\n\n\n\n<p>Coriolano Coutinho (irm\u00e3o de Ricardo Coutinho) [Foto]<\/p>\n\n\n\n<p>Gilberto Carneiro da Gama (ex-procurador geral do Estado)<\/p>\n\n\n\n<p>Estelizabel Bezerra de Souza (deputada estadual \u2013 PSB)<\/p>\n\n\n\n<p>Waldson Dias de Souza (ex-secret\u00e1rio de de Planejamento, Or\u00e7amento e Gest\u00e3o)<\/p>\n\n\n\n<p>M\u00e1rcia de Figueiredo Lucena Lira (prefeita do Conde \u2013 PSB)<\/p>\n\n\n\n<p>Cl\u00e1udia Luciana de Sousa Mascena Veras<\/p>\n\n\n\n<p>Hilario Ananias Queiroz Nogueira<\/p>\n\n\n\n<p>Bruno Miguel Teixeira de Avelar Pereira Caldas<\/p>\n\n\n\n<p>Breno Dornelles Pahim Neto<\/p>\n\n\n\n<p>Jos\u00e9 Arthur Viana Teixeira<\/p>\n\n\n\n<p>Fracisco das Chagas Ferreira<\/p>\n\n\n\n<p>Denise Krummenauer Pahim<\/p>\n\n\n\n<p>M\u00e1rcio Nogueira Vignoli<\/p>\n\n\n\n<p>David Clemente Monteiro Correia<\/p>\n\n\n\n<p>Vladimir dos Santos Neiva<\/p>\n\n\n\n<p>Valdemar \u00c1bila<\/p>\n","protected":false},"excerpt":{"rendered":"<p>A s\u00e9tima fase da Opera\u00e7\u00e3o Calv\u00e1rio\u00a0est\u00e1 nas ruas desde o in\u00edcio da manh\u00e3 desta ter\u00e7a-feira (17), onde cumpre 54 mandados de busca e apreens\u00e3o e&hellip; <\/p>\n","protected":false},"author":1,"featured_media":141126,"comment_status":"closed","ping_status":"closed","sticky":false,"template":"","format":"standard","meta":{"sfsi_plus_gutenberg_text_before_share":"","sfsi_plus_gutenberg_show_text_before_share":"","sfsi_plus_gutenberg_icon_type":"","sfsi_plus_gutenberg_icon_alignemt":"","sfsi_plus_gutenburg_max_per_row":"","footnotes":""},"categories":[2],"tags":[],"class_list":["post-141125","post","type-post","status-publish","format-standard","has-post-thumbnail","hentry","category-geral"],"_links":{"self":[{"href":"https:\/\/www.caririemacao.com\/1\/wp-json\/wp\/v2\/posts\/141125","targetHints":{"allow":["GET"]}}],"collection":[{"href":"https:\/\/www.caririemacao.com\/1\/wp-json\/wp\/v2\/posts"}],"about":[{"href":"https:\/\/www.caririemacao.com\/1\/wp-json\/wp\/v2\/types\/post"}],"author":[{"embeddable":true,"href":"https:\/\/www.caririemacao.com\/1\/wp-json\/wp\/v2\/users\/1"}],"replies":[{"embeddable":true,"href":"https:\/\/www.caririemacao.com\/1\/wp-json\/wp\/v2\/comments?post=141125"}],"version-history":[{"count":1,"href":"https:\/\/www.caririemacao.com\/1\/wp-json\/wp\/v2\/posts\/141125\/revisions"}],"predecessor-version":[{"id":141127,"href":"https:\/\/www.caririemacao.com\/1\/wp-json\/wp\/v2\/posts\/141125\/revisions\/141127"}],"wp:featuredmedia":[{"embeddable":true,"href":"https:\/\/www.caririemacao.com\/1\/wp-json\/wp\/v2\/media\/141126"}],"wp:attachment":[{"href":"https:\/\/www.caririemacao.com\/1\/wp-json\/wp\/v2\/media?parent=141125"}],"wp:term":[{"taxonomy":"category","embeddable":true,"href":"https:\/\/www.caririemacao.com\/1\/wp-json\/wp\/v2\/categories?post=141125"},{"taxonomy":"post_tag","embeddable":true,"href":"https:\/\/www.caririemacao.com\/1\/wp-json\/wp\/v2\/tags?post=141125"}],"curies":[{"name":"wp","href":"https:\/\/api.w.org\/{rel}","templated":true}]}}