{"id":141138,"date":"2019-12-17T08:40:19","date_gmt":"2019-12-17T11:40:19","guid":{"rendered":"http:\/\/www.caririemacao.com\/1\/?p=141138"},"modified":"2019-12-17T08:40:19","modified_gmt":"2019-12-17T11:40:19","slug":"prefeitura-de-amparo-firma-convenio-com-o-ministerio-do-desenvolvimento-regional-para-pavimentacao-no-municipio","status":"publish","type":"post","link":"https:\/\/www.caririemacao.com\/1\/2019\/12\/17\/prefeitura-de-amparo-firma-convenio-com-o-ministerio-do-desenvolvimento-regional-para-pavimentacao-no-municipio\/","title":{"rendered":"Prefeitura de Amparo firma conv\u00eanio com o Minist\u00e9rio do Desenvolvimento Regional para pavimenta\u00e7\u00e3o no munic\u00edpio"},"content":{"rendered":"\n<p>Na tarde desta segunda-feira (16), o prefeito In\u00e1cio N\u00f3brega esteve na capital Jo\u00e3o Pessoa acompanhado do engenheiro civil da prefeitura Humberto Mendes, para assinatura junto a Caixa Econ\u00f4mica Federal, de conv\u00eanio que trata de pavimenta\u00e7\u00e3o no munic\u00edpio de Amparo. Os recursos s\u00e3o no montante de 287.000,00 (duzentos e oitenta e sete mil reais).<br>&#8220;Iremos aguardar os tr\u00e2mites legais para que possamos executar as obras em tempo de atender os reclames da nossa popula\u00e7\u00e3o&#8221; afirmou o prefeito In\u00e1cio.<\/p>\n\n\n\n<figure class=\"wp-block-image\"><a href=\"https:\/\/1.bp.blogspot.com\/-DTW2mGJLA-s\/XfgaKfOTvqI\/AAAAAAABHB8\/clrKeyNtniYGvsXLtWfcy2T7TeQPWlVEwCLcBGAsYHQ\/s1600\/1.jpg\"><img decoding=\"async\" data-src=\"https:\/\/1.bp.blogspot.com\/-DTW2mGJLA-s\/XfgaKfOTvqI\/AAAAAAABHB8\/clrKeyNtniYGvsXLtWfcy2T7TeQPWlVEwCLcBGAsYHQ\/s640\/1.jpg\" alt=\"\" src=\"data:image\/svg+xml;base64,PHN2ZyB3aWR0aD0iMSIgaGVpZ2h0PSIxIiB4bWxucz0iaHR0cDovL3d3dy53My5vcmcvMjAwMC9zdmciPjwvc3ZnPg==\" class=\"lazyload\" \/><\/a><\/figure>\n\n\n\n<p>Ascom<\/p>\n","protected":false},"excerpt":{"rendered":"<p>Na tarde desta segunda-feira (16), o prefeito In\u00e1cio N\u00f3brega esteve na capital Jo\u00e3o Pessoa acompanhado do engenheiro civil da prefeitura Humberto Mendes, para assinatura junto&hellip; <\/p>\n","protected":false},"author":1,"featured_media":141140,"comment_status":"closed","ping_status":"closed","sticky":false,"template":"","format":"standard","meta":{"sfsi_plus_gutenberg_text_before_share":"","sfsi_plus_gutenberg_show_text_before_share":"","sfsi_plus_gutenberg_icon_type":"","sfsi_plus_gutenberg_icon_alignemt":"","sfsi_plus_gutenburg_max_per_row":"","footnotes":""},"categories":[6,50],"tags":[],"class_list":["post-141138","post","type-post","status-publish","format-standard","has-post-thumbnail","hentry","category-cidades","category-destaque"],"_links":{"self":[{"href":"https:\/\/www.caririemacao.com\/1\/wp-json\/wp\/v2\/posts\/141138","targetHints":{"allow":["GET"]}}],"collection":[{"href":"https:\/\/www.caririemacao.com\/1\/wp-json\/wp\/v2\/posts"}],"about":[{"href":"https:\/\/www.caririemacao.com\/1\/wp-json\/wp\/v2\/types\/post"}],"author":[{"embeddable":true,"href":"https:\/\/www.caririemacao.com\/1\/wp-json\/wp\/v2\/users\/1"}],"replies":[{"embeddable":true,"href":"https:\/\/www.caririemacao.com\/1\/wp-json\/wp\/v2\/comments?post=141138"}],"version-history":[{"count":1,"href":"https:\/\/www.caririemacao.com\/1\/wp-json\/wp\/v2\/posts\/141138\/revisions"}],"predecessor-version":[{"id":141141,"href":"https:\/\/www.caririemacao.com\/1\/wp-json\/wp\/v2\/posts\/141138\/revisions\/141141"}],"wp:featuredmedia":[{"embeddable":true,"href":"https:\/\/www.caririemacao.com\/1\/wp-json\/wp\/v2\/media\/141140"}],"wp:attachment":[{"href":"https:\/\/www.caririemacao.com\/1\/wp-json\/wp\/v2\/media?parent=141138"}],"wp:term":[{"taxonomy":"category","embeddable":true,"href":"https:\/\/www.caririemacao.com\/1\/wp-json\/wp\/v2\/categories?post=141138"},{"taxonomy":"post_tag","embeddable":true,"href":"https:\/\/www.caririemacao.com\/1\/wp-json\/wp\/v2\/tags?post=141138"}],"curies":[{"name":"wp","href":"https:\/\/api.w.org\/{rel}","templated":true}]}}