{"id":141147,"date":"2019-12-17T08:42:37","date_gmt":"2019-12-17T11:42:37","guid":{"rendered":"http:\/\/www.caririemacao.com\/1\/?p=141147"},"modified":"2019-12-17T08:42:37","modified_gmt":"2019-12-17T11:42:37","slug":"ricardo-coutinho-e-o-lider-e-responsavel-pela-organizacao-criminosa-diz-mp","status":"publish","type":"post","link":"https:\/\/www.caririemacao.com\/1\/2019\/12\/17\/ricardo-coutinho-e-o-lider-e-responsavel-pela-organizacao-criminosa-diz-mp\/","title":{"rendered":"Ricardo Coutinho \u00e9 o l\u00edder e respons\u00e1vel pela organiza\u00e7\u00e3o criminosa, diz MP"},"content":{"rendered":"\n<p>No despacho assinado pelo desembargador Ricardo Vital, que autorizou a Opera\u00e7\u00e3o Ju\u00edzo Final, um desdobramento da Calv\u00e1rio, o Minist\u00e9rio P\u00fablico da Para\u00edba aponta o ex-governador Ricardo Coutinho como l\u00edder e respons\u00e1vel pela \u201corganiza\u00e7\u00e3o criminosa\u201d.<\/p>\n\n\n\n<p>\u201cA medida cautelar ajuizada pelo Minist\u00e9rio P\u00fablico da Para\u00edba colaciona um extenso material probat\u00f3rio, todo ele apontando o investigado Ricardo Vieira Coutinho como principal l\u00edder da Organiza\u00e7\u00e3o Criminosa e respons\u00e1vel direto, tanto pela tomada de decis\u00f5es dentro do organismos delituoso, quanto aos m\u00e9todos de arrecada\u00e7\u00e3o de propina, sua divis\u00e3o e aplica\u00e7\u00e3o. Segundo as investiga\u00e7\u00f5es, ele \u00e9 o chefe do agrupamento que teria se estabelecido no Estado Paraibano\u201d, diz um trecho.<\/p>\n\n\n\n<p>Al\u00e9m de Ricardo, foram alvos as deputadas do PSB Estela Bezerra e Cida Ramos, al\u00e9m da prefeita do Conde, M\u00e1rcia Lucena, o irm\u00e3o de Ricardo, Coriolano Coutinho e outros investigados.<\/p>\n\n\n\n<p><em>Mais PB<\/em><\/p>\n","protected":false},"excerpt":{"rendered":"<p>No despacho assinado pelo desembargador Ricardo Vital, que autorizou a Opera\u00e7\u00e3o Ju\u00edzo Final, um desdobramento da Calv\u00e1rio, o Minist\u00e9rio P\u00fablico da Para\u00edba aponta o ex-governador&hellip; <\/p>\n","protected":false},"author":1,"featured_media":33979,"comment_status":"closed","ping_status":"closed","sticky":false,"template":"","format":"standard","meta":{"sfsi_plus_gutenberg_text_before_share":"","sfsi_plus_gutenberg_show_text_before_share":"","sfsi_plus_gutenberg_icon_type":"","sfsi_plus_gutenberg_icon_alignemt":"","sfsi_plus_gutenburg_max_per_row":"","footnotes":""},"categories":[11],"tags":[],"class_list":["post-141147","post","type-post","status-publish","format-standard","has-post-thumbnail","hentry","category-politica"],"_links":{"self":[{"href":"https:\/\/www.caririemacao.com\/1\/wp-json\/wp\/v2\/posts\/141147","targetHints":{"allow":["GET"]}}],"collection":[{"href":"https:\/\/www.caririemacao.com\/1\/wp-json\/wp\/v2\/posts"}],"about":[{"href":"https:\/\/www.caririemacao.com\/1\/wp-json\/wp\/v2\/types\/post"}],"author":[{"embeddable":true,"href":"https:\/\/www.caririemacao.com\/1\/wp-json\/wp\/v2\/users\/1"}],"replies":[{"embeddable":true,"href":"https:\/\/www.caririemacao.com\/1\/wp-json\/wp\/v2\/comments?post=141147"}],"version-history":[{"count":1,"href":"https:\/\/www.caririemacao.com\/1\/wp-json\/wp\/v2\/posts\/141147\/revisions"}],"predecessor-version":[{"id":141149,"href":"https:\/\/www.caririemacao.com\/1\/wp-json\/wp\/v2\/posts\/141147\/revisions\/141149"}],"wp:featuredmedia":[{"embeddable":true,"href":"https:\/\/www.caririemacao.com\/1\/wp-json\/wp\/v2\/media\/33979"}],"wp:attachment":[{"href":"https:\/\/www.caririemacao.com\/1\/wp-json\/wp\/v2\/media?parent=141147"}],"wp:term":[{"taxonomy":"category","embeddable":true,"href":"https:\/\/www.caririemacao.com\/1\/wp-json\/wp\/v2\/categories?post=141147"},{"taxonomy":"post_tag","embeddable":true,"href":"https:\/\/www.caririemacao.com\/1\/wp-json\/wp\/v2\/tags?post=141147"}],"curies":[{"name":"wp","href":"https:\/\/api.w.org\/{rel}","templated":true}]}}