{"id":141159,"date":"2019-12-17T08:51:29","date_gmt":"2019-12-17T11:51:29","guid":{"rendered":"http:\/\/www.caririemacao.com\/1\/?p=141159"},"modified":"2019-12-17T08:51:29","modified_gmt":"2019-12-17T11:51:29","slug":"governo-lanca-sistema-de-cadastro-de-dados-de-usuarios-do-espaco-lgbt-na-paraiba","status":"publish","type":"post","link":"https:\/\/www.caririemacao.com\/1\/2019\/12\/17\/governo-lanca-sistema-de-cadastro-de-dados-de-usuarios-do-espaco-lgbt-na-paraiba\/","title":{"rendered":"Governo lan\u00e7a sistema de cadastro de dados de usu\u00e1rios do espa\u00e7o LGBT na Para\u00edba"},"content":{"rendered":"\n<p>O Centro Estadual de Refer\u00eancia dos Direitos de LGBT e Enfrentamento \u00e0 LGBTfobia (Espa\u00e7o LGBT de Jo\u00e3o Pessoa) lan\u00e7a nesta ter\u00e7a-feira (17), \u00e0s 14h, o sistema de cadastro de dados de usu\u00e1rios. O SisChaves foi desenvolvido pela Secretaria de Estado da Mulher e da Diversidade Humana (Semdh) em parceria com a Companhia Estadual de Processamento de Dados (Codata) e o Departamento de Ci\u00eancia da Informa\u00e7\u00e3o da Universidade Federal da Para\u00edba.<\/p>\n\n\n\n<p>O nome do sistema \u00e9 em homenagem a ativista e professora \u00c2ngela Chaves, que se dedica ao enfretamento \u00e0 LGBTfobia e garantia de direitos de LGBTQI+ e foi a primeira coordenadora do Espa\u00e7o LGBT de Jo\u00e3o Pessoa, no per\u00edodo de 2011 a 2016.&nbsp;<\/p>\n\n\n\n<p>O SISChaves vai aperfei\u00e7oar a gest\u00e3o organizacional dos Espa\u00e7os LGBTs de Jo\u00e3o Pessoa e Campina Grande e potencializar o fluxo informacional para produ\u00e7\u00e3o de dados que alimentem o diagn\u00f3stico oficial das viola\u00e7\u00f5es de direitos e viol\u00eancias contra LGBTQI+.&nbsp;<\/p>\n\n\n\n<p>\u201cO cadastro de usu\u00e1rios ser\u00e1 feito no sistema e vai gerar dados qualificados sobre perfil, vida social, financeira, familiar, jur\u00eddica, e tamb\u00e9m o cruzamento de dados. Isso vai ajudar a termos um perfil qualificado e o governo a pautar pol\u00edticas p\u00fablicas por meio de cursos, melhoria da qualidade de vida, qualifica\u00e7\u00e3o profissional, sa\u00fade\u201d, afirma o coordenador do Espa\u00e7o LGBT de Jo\u00e3o Pessoa, Victor Pilato.&nbsp;<\/p>\n\n\n\n<p>A secret\u00e1ria da Mulher e da Diversidade Humana, Gilberta Soares, afirma que a parceria com a UFPB come\u00e7ou em 2017, quando estudantes de Ci\u00eancia da Informa\u00e7\u00e3o coletaram dados de cadastros de usu\u00e1rios desde 2011.<\/p>\n\n\n\n<p>\u201cTodo este trabalho ser\u00e1 inserido no sistema, pois antes n\u00e3o t\u00ednhamos como organizar as informa\u00e7\u00f5es. Antes precisava pegar fica por ficha e agora vamos ter tudo no sistema on-line para gerar informa\u00e7\u00f5es, fazer relat\u00f3rios e inserir novos dados\u201d, explica Gilberta Soares.&nbsp;<\/p>\n\n\n\n<p>A professora do Departamento de Ci\u00eancia da Informa\u00e7\u00e3o, Gisele Rocha, coordenou o Projeto de Extens\u00e3o&nbsp;<\/p>\n\n\n\n<p>\u201cA Informa\u00e7\u00e3o no Enfrentamento a LGBTfobia: Implanta\u00e7\u00e3o do sistema de automa\u00e7\u00e3o dos dados de atendimento no Espa\u00e7o LGBT\u201d, que levou a formula\u00e7\u00e3o do sistema.<\/p>\n\n\n\n<p>Segundo ela, os dados dispon\u00edveis sobre as viola\u00e7\u00f5es dos direitos humanos de l\u00e9sbicas, gays, bissexuais, travestis, transexuais, queers, intersexos e outras identidades de g\u00eanero (LGBTQI+) s\u00e3o subnotificados, j\u00e1 que existe uma car\u00eancia de estat\u00edsticas oficiais.&nbsp;<\/p>\n\n\n\n<p>\u201cIsso se expressa, cotidianamente, de distintas formas, atrav\u00e9s de preconceitos, discrimina\u00e7\u00f5es e viol\u00eancias, que variam se combinam entre viol\u00eancia psicol\u00f3gica, f\u00edsica, moral, sexual, amea\u00e7as at\u00e9 a morte\u201d, afirma Rocha.<\/p>\n\n\n\n<p>A secret\u00e1ria Gilberta Soares explica que a implanta\u00e7\u00e3o do SISChaves resultar\u00e1 no aperfei\u00e7oamento da gest\u00e3o organizacional das duas unidades do Espa\u00e7o LGBT, na produ\u00e7\u00e3o de informa\u00e7\u00e3o sobre as viola\u00e7\u00f5es de direitos e viol\u00eancias contra LGBTQI+ atendidos nos servi\u00e7os, contribuindo para o diagn\u00f3stico oficial.&nbsp;<\/p>\n\n\n\n<p>\u201cA produ\u00e7\u00e3o da informa\u00e7\u00e3o tamb\u00e9m fornece subs\u00eddios para o planejamento cont\u00ednuo e din\u00e2mico de pol\u00edticas p\u00fablicas condizentes com as necessidades informacionais da popula\u00e7\u00e3o LGBT, e consequentemente impactar\u00e1 socialmente no seu empoderamento e inclus\u00e3o social\u201d, complementa a professora Gisele Rocha.<\/p>\n","protected":false},"excerpt":{"rendered":"<p>O Centro Estadual de Refer\u00eancia dos Direitos de LGBT e Enfrentamento \u00e0 LGBTfobia (Espa\u00e7o LGBT de Jo\u00e3o Pessoa) lan\u00e7a nesta ter\u00e7a-feira (17), \u00e0s 14h, o&hellip; <\/p>\n","protected":false},"author":1,"featured_media":20927,"comment_status":"closed","ping_status":"closed","sticky":false,"template":"","format":"standard","meta":{"sfsi_plus_gutenberg_text_before_share":"","sfsi_plus_gutenberg_show_text_before_share":"","sfsi_plus_gutenberg_icon_type":"","sfsi_plus_gutenberg_icon_alignemt":"","sfsi_plus_gutenburg_max_per_row":"","footnotes":""},"categories":[2],"tags":[],"class_list":["post-141159","post","type-post","status-publish","format-standard","has-post-thumbnail","hentry","category-geral"],"_links":{"self":[{"href":"https:\/\/www.caririemacao.com\/1\/wp-json\/wp\/v2\/posts\/141159","targetHints":{"allow":["GET"]}}],"collection":[{"href":"https:\/\/www.caririemacao.com\/1\/wp-json\/wp\/v2\/posts"}],"about":[{"href":"https:\/\/www.caririemacao.com\/1\/wp-json\/wp\/v2\/types\/post"}],"author":[{"embeddable":true,"href":"https:\/\/www.caririemacao.com\/1\/wp-json\/wp\/v2\/users\/1"}],"replies":[{"embeddable":true,"href":"https:\/\/www.caririemacao.com\/1\/wp-json\/wp\/v2\/comments?post=141159"}],"version-history":[{"count":1,"href":"https:\/\/www.caririemacao.com\/1\/wp-json\/wp\/v2\/posts\/141159\/revisions"}],"predecessor-version":[{"id":141160,"href":"https:\/\/www.caririemacao.com\/1\/wp-json\/wp\/v2\/posts\/141159\/revisions\/141160"}],"wp:featuredmedia":[{"embeddable":true,"href":"https:\/\/www.caririemacao.com\/1\/wp-json\/wp\/v2\/media\/20927"}],"wp:attachment":[{"href":"https:\/\/www.caririemacao.com\/1\/wp-json\/wp\/v2\/media?parent=141159"}],"wp:term":[{"taxonomy":"category","embeddable":true,"href":"https:\/\/www.caririemacao.com\/1\/wp-json\/wp\/v2\/categories?post=141159"},{"taxonomy":"post_tag","embeddable":true,"href":"https:\/\/www.caririemacao.com\/1\/wp-json\/wp\/v2\/tags?post=141159"}],"curies":[{"name":"wp","href":"https:\/\/api.w.org\/{rel}","templated":true}]}}