{"id":141176,"date":"2019-12-17T08:56:03","date_gmt":"2019-12-17T11:56:03","guid":{"rendered":"http:\/\/www.caririemacao.com\/1\/?p=141176"},"modified":"2019-12-17T08:56:03","modified_gmt":"2019-12-17T11:56:03","slug":"prf-vai-retomar-fiscalizacao-com-uso-de-radares-moveis-na-proxima-segunda","status":"publish","type":"post","link":"https:\/\/www.caririemacao.com\/1\/2019\/12\/17\/prf-vai-retomar-fiscalizacao-com-uso-de-radares-moveis-na-proxima-segunda\/","title":{"rendered":"PRF vai retomar fiscaliza\u00e7\u00e3o com uso de radares m\u00f3veis na pr\u00f3xima segunda"},"content":{"rendered":"\n<p>A Pol\u00edcia Rodovi\u00e1ria Federal (PRF) emitiu uma nota nesta segunda-feira (16), sobre a reativa\u00e7\u00e3o da fiscaliza\u00e7\u00e3o com o uso de radares m\u00f3veis e port\u00e1teis.<\/p>\n\n\n\n<p>Na nota, a PRF esclarece que adotar\u00e1 as medidas necess\u00e1rias para a implementa\u00e7\u00e3o do uso dos radares m\u00f3veis, que devem retornar somente a partir do dia 23 de dezembro.<\/p>\n\n\n\n<p>Confira a nota na \u00edntegra abaixo:<\/p>\n\n\n\n<p><em>A Pol\u00edcia Rodovi\u00e1ria Federal (PRF) foi notificada pela Justi\u00e7a do Distrito Federal quanto \u00e0 decis\u00e3o do Juiz Federal Substituto da 1\u00aa Vara \u2013 SJ\/DF, Marcelo Gentil Monteiro, determinando \u00e0 PRF que adotasse, no prazo de 72 horas, todas as provid\u00eancias para o integral restabelecimento da fiscaliza\u00e7\u00e3o eletr\u00f4nica por meio dos radares est\u00e1ticos, m\u00f3veis e port\u00e1teis nas rodovias federais.<\/em><\/p>\n\n\n\n<p><em>Neste \u00faltimo domingo, 15 de dezembro, uma nova decis\u00e3o foi proferida pelo mesmo ju\u00edzo, estendendo e escalonando os prazos at\u00e9 o dia 23 de dezembro para a retomada das fiscaliza\u00e7\u00f5es eletr\u00f4nicas por meio dos radares. O novo prazo surgiu em raz\u00e3o da necessidade da ado\u00e7\u00e3o de medidas administrativas para concretiza\u00e7\u00e3o da reativa\u00e7\u00e3o do uso dos equipamentos.<\/em><\/p>\n\n\n\n<p><em>A PRF informa \u00e0 sociedade que j\u00e1 iniciou as tratativas necess\u00e1rias, alinhada com o Minist\u00e9rio da Justi\u00e7a e Seguran\u00e7a P\u00fablica, para efetivar o cumprimento judicial que determina a retomada do uso dos radares nos procedimentos de fiscaliza\u00e7\u00e3o do \u00f3rg\u00e3o.<\/em><\/p>\n\n\n\n<p><em>Assim, a PRF estar\u00e1 reativando na sua rotina de atividades operacionais, no prazo e modo estipulado pela decis\u00e3o supracitada, a modalidade de fiscaliza\u00e7\u00e3o de velocidade com o uso dos equipamentos citados, priorizando o car\u00e1ter preventivo e educativo de seu emprego.<\/em><\/p>\n","protected":false},"excerpt":{"rendered":"<p>A Pol\u00edcia Rodovi\u00e1ria Federal (PRF) emitiu uma nota nesta segunda-feira (16), sobre a reativa\u00e7\u00e3o da fiscaliza\u00e7\u00e3o com o uso de radares m\u00f3veis e port\u00e1teis. Na&hellip; <\/p>\n","protected":false},"author":1,"featured_media":87185,"comment_status":"closed","ping_status":"closed","sticky":false,"template":"","format":"standard","meta":{"sfsi_plus_gutenberg_text_before_share":"","sfsi_plus_gutenberg_show_text_before_share":"","sfsi_plus_gutenberg_icon_type":"","sfsi_plus_gutenberg_icon_alignemt":"","sfsi_plus_gutenburg_max_per_row":"","footnotes":""},"categories":[2],"tags":[],"class_list":["post-141176","post","type-post","status-publish","format-standard","has-post-thumbnail","hentry","category-geral"],"_links":{"self":[{"href":"https:\/\/www.caririemacao.com\/1\/wp-json\/wp\/v2\/posts\/141176","targetHints":{"allow":["GET"]}}],"collection":[{"href":"https:\/\/www.caririemacao.com\/1\/wp-json\/wp\/v2\/posts"}],"about":[{"href":"https:\/\/www.caririemacao.com\/1\/wp-json\/wp\/v2\/types\/post"}],"author":[{"embeddable":true,"href":"https:\/\/www.caririemacao.com\/1\/wp-json\/wp\/v2\/users\/1"}],"replies":[{"embeddable":true,"href":"https:\/\/www.caririemacao.com\/1\/wp-json\/wp\/v2\/comments?post=141176"}],"version-history":[{"count":1,"href":"https:\/\/www.caririemacao.com\/1\/wp-json\/wp\/v2\/posts\/141176\/revisions"}],"predecessor-version":[{"id":141177,"href":"https:\/\/www.caririemacao.com\/1\/wp-json\/wp\/v2\/posts\/141176\/revisions\/141177"}],"wp:featuredmedia":[{"embeddable":true,"href":"https:\/\/www.caririemacao.com\/1\/wp-json\/wp\/v2\/media\/87185"}],"wp:attachment":[{"href":"https:\/\/www.caririemacao.com\/1\/wp-json\/wp\/v2\/media?parent=141176"}],"wp:term":[{"taxonomy":"category","embeddable":true,"href":"https:\/\/www.caririemacao.com\/1\/wp-json\/wp\/v2\/categories?post=141176"},{"taxonomy":"post_tag","embeddable":true,"href":"https:\/\/www.caririemacao.com\/1\/wp-json\/wp\/v2\/tags?post=141176"}],"curies":[{"name":"wp","href":"https:\/\/api.w.org\/{rel}","templated":true}]}}