{"id":141185,"date":"2019-12-17T09:02:59","date_gmt":"2019-12-17T12:02:59","guid":{"rendered":"http:\/\/www.caririemacao.com\/1\/?p=141185"},"modified":"2019-12-17T09:02:59","modified_gmt":"2019-12-17T12:02:59","slug":"nacional-do-psb-esta-se-informando-acerca-da-prisao-de-ricardo","status":"publish","type":"post","link":"https:\/\/www.caririemacao.com\/1\/2019\/12\/17\/nacional-do-psb-esta-se-informando-acerca-da-prisao-de-ricardo\/","title":{"rendered":"Nacional do PSB \u201cest\u00e1 se informando\u201d acerca da pris\u00e3o de Ricardo"},"content":{"rendered":"\n<p>O presidente nacional do PSB, Carlos Siqueira, afirmou, na manh\u00e3 desta ter\u00e7a-feira (17) em contato com o&nbsp;<strong>Portal<\/strong>&nbsp;<strong>MaisPB<\/strong>, que o partido ainda est\u00e1 se \u201cinformando dos acontecimentos\u201d acerca do decreto de pris\u00e3o do ex-governador Ricardo Coutinho.<\/p>\n\n\n\n<p>Ricardo \u00e9 um dos alvos de mandados de pris\u00e3o preventivo expedidos pelo Tribunal de Justi\u00e7a da Para\u00edba (TJPB) no \u00e2mbito da s\u00e9tima fase da Opera\u00e7\u00e3o Calv\u00e1rio.<\/p>\n\n\n\n<p>De acordo com o Minist\u00e9rio P\u00fablico da Para\u00edba, o ex-governador \u00e9 apontado como chefe e respons\u00e1vel pela organiza\u00e7\u00e3o criminosa que teria desviado recursos em contratos firmados durante sua gest\u00e3o nas Secretarias de Sa\u00fade e Educa\u00e7\u00e3o.<\/p>\n\n\n\n<p>\u201cA medida cautelar ajuizada pelo Minist\u00e9rio P\u00fablico da Para\u00edba colaciona um extenso material probat\u00f3rio, todo ele apontando o investigado Ricardo Vieira Coutinho como principal l\u00edder da Organiza\u00e7\u00e3o Criminosa e respons\u00e1vel direto, tanto pela tomada de decis\u00f5es dentro do organismos delituoso, quanto aos m\u00e9todos de arrecada\u00e7\u00e3o de propina, sua divis\u00e3o e aplica\u00e7\u00e3o. Segundo as investiga\u00e7\u00f5es, ele \u00e9 o chefe do agrupamento que teria se estabelecido no Estado Paraibano\u201d, diz um trecho.<\/p>\n\n\n\n<p><strong>MaisPB<\/strong><\/p>\n","protected":false},"excerpt":{"rendered":"<p>O presidente nacional do PSB, Carlos Siqueira, afirmou, na manh\u00e3 desta ter\u00e7a-feira (17) em contato com o&nbsp;Portal&nbsp;MaisPB, que o partido ainda est\u00e1 se \u201cinformando dos&hellip; <\/p>\n","protected":false},"author":1,"featured_media":141187,"comment_status":"closed","ping_status":"closed","sticky":false,"template":"","format":"standard","meta":{"sfsi_plus_gutenberg_text_before_share":"","sfsi_plus_gutenberg_show_text_before_share":"","sfsi_plus_gutenberg_icon_type":"","sfsi_plus_gutenberg_icon_alignemt":"","sfsi_plus_gutenburg_max_per_row":"","footnotes":""},"categories":[11],"tags":[],"class_list":["post-141185","post","type-post","status-publish","format-standard","has-post-thumbnail","hentry","category-politica"],"_links":{"self":[{"href":"https:\/\/www.caririemacao.com\/1\/wp-json\/wp\/v2\/posts\/141185","targetHints":{"allow":["GET"]}}],"collection":[{"href":"https:\/\/www.caririemacao.com\/1\/wp-json\/wp\/v2\/posts"}],"about":[{"href":"https:\/\/www.caririemacao.com\/1\/wp-json\/wp\/v2\/types\/post"}],"author":[{"embeddable":true,"href":"https:\/\/www.caririemacao.com\/1\/wp-json\/wp\/v2\/users\/1"}],"replies":[{"embeddable":true,"href":"https:\/\/www.caririemacao.com\/1\/wp-json\/wp\/v2\/comments?post=141185"}],"version-history":[{"count":1,"href":"https:\/\/www.caririemacao.com\/1\/wp-json\/wp\/v2\/posts\/141185\/revisions"}],"predecessor-version":[{"id":141188,"href":"https:\/\/www.caririemacao.com\/1\/wp-json\/wp\/v2\/posts\/141185\/revisions\/141188"}],"wp:featuredmedia":[{"embeddable":true,"href":"https:\/\/www.caririemacao.com\/1\/wp-json\/wp\/v2\/media\/141187"}],"wp:attachment":[{"href":"https:\/\/www.caririemacao.com\/1\/wp-json\/wp\/v2\/media?parent=141185"}],"wp:term":[{"taxonomy":"category","embeddable":true,"href":"https:\/\/www.caririemacao.com\/1\/wp-json\/wp\/v2\/categories?post=141185"},{"taxonomy":"post_tag","embeddable":true,"href":"https:\/\/www.caririemacao.com\/1\/wp-json\/wp\/v2\/tags?post=141185"}],"curies":[{"name":"wp","href":"https:\/\/api.w.org\/{rel}","templated":true}]}}