{"id":141195,"date":"2019-12-17T09:14:10","date_gmt":"2019-12-17T12:14:10","guid":{"rendered":"http:\/\/www.caririemacao.com\/1\/?p=141195"},"modified":"2019-12-17T09:14:10","modified_gmt":"2019-12-17T12:14:10","slug":"bolsonaro-comanda-reuniao-da-cupula-de-governo","status":"publish","type":"post","link":"https:\/\/www.caririemacao.com\/1\/2019\/12\/17\/bolsonaro-comanda-reuniao-da-cupula-de-governo\/","title":{"rendered":"Bolsonaro comanda reuni\u00e3o da c\u00fapula de governo"},"content":{"rendered":"\n<p>O presidente Jair Bolsonaro coordena&nbsp;hoje&nbsp;(17), no Pal\u00e1cio da Alvorada, em Bras\u00edlia, a 25\u00aa Reuni\u00e3o do Conselho de Governo. Periodicamente, o alto escal\u00e3o se re\u00fane para avaliar as a\u00e7\u00f5es desenvolvidas e discutir as prioridades da agenda do governo federal.<\/p>\n\n\n\n<p>O encontro come\u00e7ou \u00e0s 8h15 e deve se estender por&nbsp;toda a manh\u00e3. Est\u00e3o&nbsp;presentes, entre outros ministros, Paulo Guedes (Economia),&nbsp;Tereza Cristina (Agricultura, Pecu\u00e1ria e Abastecimento), Sergio Moro (Justi\u00e7a e Seguran\u00e7a P\u00fablica)&nbsp;e Ricardo Salles (Meio Ambiente). Os presidentes do Banco Nacional de Desenvolvimento Econ\u00f4mico e Social (BNDES), Gustavo Montezano, e da Petrobras, Roberto Castello Branco, tamb\u00e9m participam do encontro.<\/p>\n\n\n\n<p>No in\u00edcio da manh\u00e3,&nbsp;Bolsonaro, tamb\u00e9m acompanhado do vice-presidente Hamilton Mour\u00e3o, participou da cerim\u00f4nia de hasteamento da bandeira, na \u00e1rea externa do Alvorada. Desde o in\u00edcio do mandato, o presidente re\u00fane o grupo para o momento c\u00edvico na entrada da sua resid\u00eancia oficial.<\/p>\n\n\n\n<p>\u00c0 tarde, no Pal\u00e1cio do Planalto, o presidente tem reuni\u00f5es com ministros e participa de um culto de&nbsp;a\u00e7\u00e3o de gra\u00e7as.<\/p>\n","protected":false},"excerpt":{"rendered":"<p>O presidente Jair Bolsonaro coordena&nbsp;hoje&nbsp;(17), no Pal\u00e1cio da Alvorada, em Bras\u00edlia, a 25\u00aa Reuni\u00e3o do Conselho de Governo. Periodicamente, o alto escal\u00e3o se re\u00fane para&hellip; <\/p>\n","protected":false},"author":1,"featured_media":141196,"comment_status":"closed","ping_status":"closed","sticky":false,"template":"","format":"standard","meta":{"sfsi_plus_gutenberg_text_before_share":"","sfsi_plus_gutenberg_show_text_before_share":"","sfsi_plus_gutenberg_icon_type":"","sfsi_plus_gutenberg_icon_alignemt":"","sfsi_plus_gutenburg_max_per_row":"","footnotes":""},"categories":[11],"tags":[],"class_list":["post-141195","post","type-post","status-publish","format-standard","has-post-thumbnail","hentry","category-politica"],"_links":{"self":[{"href":"https:\/\/www.caririemacao.com\/1\/wp-json\/wp\/v2\/posts\/141195","targetHints":{"allow":["GET"]}}],"collection":[{"href":"https:\/\/www.caririemacao.com\/1\/wp-json\/wp\/v2\/posts"}],"about":[{"href":"https:\/\/www.caririemacao.com\/1\/wp-json\/wp\/v2\/types\/post"}],"author":[{"embeddable":true,"href":"https:\/\/www.caririemacao.com\/1\/wp-json\/wp\/v2\/users\/1"}],"replies":[{"embeddable":true,"href":"https:\/\/www.caririemacao.com\/1\/wp-json\/wp\/v2\/comments?post=141195"}],"version-history":[{"count":1,"href":"https:\/\/www.caririemacao.com\/1\/wp-json\/wp\/v2\/posts\/141195\/revisions"}],"predecessor-version":[{"id":141197,"href":"https:\/\/www.caririemacao.com\/1\/wp-json\/wp\/v2\/posts\/141195\/revisions\/141197"}],"wp:featuredmedia":[{"embeddable":true,"href":"https:\/\/www.caririemacao.com\/1\/wp-json\/wp\/v2\/media\/141196"}],"wp:attachment":[{"href":"https:\/\/www.caririemacao.com\/1\/wp-json\/wp\/v2\/media?parent=141195"}],"wp:term":[{"taxonomy":"category","embeddable":true,"href":"https:\/\/www.caririemacao.com\/1\/wp-json\/wp\/v2\/categories?post=141195"},{"taxonomy":"post_tag","embeddable":true,"href":"https:\/\/www.caririemacao.com\/1\/wp-json\/wp\/v2\/tags?post=141195"}],"curies":[{"name":"wp","href":"https:\/\/api.w.org\/{rel}","templated":true}]}}