{"id":141202,"date":"2019-12-17T09:19:03","date_gmt":"2019-12-17T12:19:03","guid":{"rendered":"http:\/\/www.caririemacao.com\/1\/?p=141202"},"modified":"2019-12-17T09:19:03","modified_gmt":"2019-12-17T12:19:03","slug":"inss-veja-calendario-de-pagamento-de-aposentadorias-e-pensoes-de-2020","status":"publish","type":"post","link":"https:\/\/www.caririemacao.com\/1\/2019\/12\/17\/inss-veja-calendario-de-pagamento-de-aposentadorias-e-pensoes-de-2020\/","title":{"rendered":"INSS: veja calend\u00e1rio de pagamento de aposentadorias e pens\u00f5es de 2020"},"content":{"rendered":"\n<p>Cerca de 35 milh\u00f5es de aposentados e pensionistas do Instituto Nacional do Seguro Social (INSS) j\u00e1 podem checar a data de dep\u00f3sito dos benef\u00edcios de 2020. Segundo o INSS, os dep\u00f3sitos seguir\u00e3o a mesma sequ\u00eancia de anos anteriores. Confira o calend\u00e1rio completo aqui. As datas foram divulgadas na segunda-feira (16).<\/p>\n\n\n\n<p>Segundo o instituto, para quem recebe um sal\u00e1rio m\u00ednimo, os dep\u00f3sitos de janeiro ser\u00e3o feitos entre os dias 27 de janeiro e 7 de fevereiro. Para saber a data exata, o benefici\u00e1rio deve verificar o n\u00famero final do seu cart\u00e3o de benef\u00edcio, sem \u00faltimo d\u00edgito verificador, que aparece depois do tra\u00e7o. Segurados com renda mensal acima do piso nacional ter\u00e3o seus pagamentos creditados a partir de 3 de fevereiro. A tabela completa pode ser conferida no&nbsp;<a href=\"https:\/\/www.inss.gov.br\/wp-content\/uploads\/2019\/12\/calendario-de-pagamento-de-beneficios-2020-3.png\" target=\"_blank\" rel=\"noreferrer noopener\">site do INSS<\/a>.<\/p>\n\n\n\n<figure class=\"wp-block-image\"><img decoding=\"async\" data-src=\"http:\/\/imagens.ebc.com.br\/wL7YzsjxBRj6A5H44R_JLKgr71c=\/754x0\/smart\/http:\/\/agenciabrasil.ebc.com.br\/sites\/default\/files\/thumbnails\/image\/inss.jpg?itok=DF0szM-V\" alt=\"Calend\u00e1rio de pagamento de 2020 do INSS est\u00e1 dispon\u00edvel para consulta \" src=\"data:image\/svg+xml;base64,PHN2ZyB3aWR0aD0iMSIgaGVpZ2h0PSIxIiB4bWxucz0iaHR0cDovL3d3dy53My5vcmcvMjAwMC9zdmciPjwvc3ZnPg==\" class=\"lazyload\" \/><\/figure>\n\n\n\n<p>Calend\u00e1rio de pagamento de 2020 do INSS est\u00e1 dispon\u00edvel para consulta &#8211;&nbsp;<strong>INSS\/ Divulga\u00e7\u00e3o\/ Direitos Reservados<\/strong><\/p>\n","protected":false},"excerpt":{"rendered":"<p>Cerca de 35 milh\u00f5es de aposentados e pensionistas do Instituto Nacional do Seguro Social (INSS) j\u00e1 podem checar a data de dep\u00f3sito dos benef\u00edcios de&hellip; <\/p>\n","protected":false},"author":1,"featured_media":25319,"comment_status":"closed","ping_status":"closed","sticky":false,"template":"","format":"standard","meta":{"sfsi_plus_gutenberg_text_before_share":"","sfsi_plus_gutenberg_show_text_before_share":"","sfsi_plus_gutenberg_icon_type":"","sfsi_plus_gutenberg_icon_alignemt":"","sfsi_plus_gutenburg_max_per_row":"","footnotes":""},"categories":[2],"tags":[],"class_list":["post-141202","post","type-post","status-publish","format-standard","has-post-thumbnail","hentry","category-geral"],"_links":{"self":[{"href":"https:\/\/www.caririemacao.com\/1\/wp-json\/wp\/v2\/posts\/141202","targetHints":{"allow":["GET"]}}],"collection":[{"href":"https:\/\/www.caririemacao.com\/1\/wp-json\/wp\/v2\/posts"}],"about":[{"href":"https:\/\/www.caririemacao.com\/1\/wp-json\/wp\/v2\/types\/post"}],"author":[{"embeddable":true,"href":"https:\/\/www.caririemacao.com\/1\/wp-json\/wp\/v2\/users\/1"}],"replies":[{"embeddable":true,"href":"https:\/\/www.caririemacao.com\/1\/wp-json\/wp\/v2\/comments?post=141202"}],"version-history":[{"count":1,"href":"https:\/\/www.caririemacao.com\/1\/wp-json\/wp\/v2\/posts\/141202\/revisions"}],"predecessor-version":[{"id":141204,"href":"https:\/\/www.caririemacao.com\/1\/wp-json\/wp\/v2\/posts\/141202\/revisions\/141204"}],"wp:featuredmedia":[{"embeddable":true,"href":"https:\/\/www.caririemacao.com\/1\/wp-json\/wp\/v2\/media\/25319"}],"wp:attachment":[{"href":"https:\/\/www.caririemacao.com\/1\/wp-json\/wp\/v2\/media?parent=141202"}],"wp:term":[{"taxonomy":"category","embeddable":true,"href":"https:\/\/www.caririemacao.com\/1\/wp-json\/wp\/v2\/categories?post=141202"},{"taxonomy":"post_tag","embeddable":true,"href":"https:\/\/www.caririemacao.com\/1\/wp-json\/wp\/v2\/tags?post=141202"}],"curies":[{"name":"wp","href":"https:\/\/api.w.org\/{rel}","templated":true}]}}