{"id":141222,"date":"2019-12-17T09:37:26","date_gmt":"2019-12-17T12:37:26","guid":{"rendered":"http:\/\/www.caririemacao.com\/1\/?p=141222"},"modified":"2019-12-17T09:37:26","modified_gmt":"2019-12-17T12:37:26","slug":"em-amparo-sera-realizada-a-3a-cantata-natalina","status":"publish","type":"post","link":"https:\/\/www.caririemacao.com\/1\/2019\/12\/17\/em-amparo-sera-realizada-a-3a-cantata-natalina\/","title":{"rendered":"Em Amparo ser\u00e1 realizada a 3\u00aa Cantata Natalina"},"content":{"rendered":"\n<p>A Prefeitura Municipal de Amparo, tem que a gest\u00e3o do Prefeito In\u00e1cio N\u00f3brega e do Vice Fl\u00e1vio Messias, realiza pelo terceiro ano consecutivo a Cantata Natalina.<\/p>\n\n\n\n<p>O evento \u00e9 organizado pela Secretaria de Assist\u00eancia Social na pessoa de Cleide N\u00f3brega.<\/p>\n\n\n\n<p>A Cantata Natalina acontece nesta sexta-feira(20\/12), \u00e0s 18h, em frente \u00e0 Igreja S\u00e3o Sebasti\u00e3o, onde ter\u00e1 apresenta\u00e7\u00f5es dos grupos trabalhados pelo Servi\u00e7o de Conviv\u00eancia e Fortalecimento de V\u00ednculos \u2013 SCFV.<\/p>\n\n\n\n<p><strong>Not\u00edcias em Destaque<\/strong><\/p>\n","protected":false},"excerpt":{"rendered":"<p>A Prefeitura Municipal de Amparo, tem que a gest\u00e3o do Prefeito In\u00e1cio N\u00f3brega e do Vice Fl\u00e1vio Messias, realiza pelo terceiro ano consecutivo a Cantata&hellip; <\/p>\n","protected":false},"author":1,"featured_media":141224,"comment_status":"closed","ping_status":"closed","sticky":false,"template":"","format":"standard","meta":{"sfsi_plus_gutenberg_text_before_share":"","sfsi_plus_gutenberg_show_text_before_share":"","sfsi_plus_gutenberg_icon_type":"","sfsi_plus_gutenberg_icon_alignemt":"","sfsi_plus_gutenburg_max_per_row":"","footnotes":""},"categories":[6],"tags":[],"class_list":["post-141222","post","type-post","status-publish","format-standard","has-post-thumbnail","hentry","category-cidades"],"_links":{"self":[{"href":"https:\/\/www.caririemacao.com\/1\/wp-json\/wp\/v2\/posts\/141222","targetHints":{"allow":["GET"]}}],"collection":[{"href":"https:\/\/www.caririemacao.com\/1\/wp-json\/wp\/v2\/posts"}],"about":[{"href":"https:\/\/www.caririemacao.com\/1\/wp-json\/wp\/v2\/types\/post"}],"author":[{"embeddable":true,"href":"https:\/\/www.caririemacao.com\/1\/wp-json\/wp\/v2\/users\/1"}],"replies":[{"embeddable":true,"href":"https:\/\/www.caririemacao.com\/1\/wp-json\/wp\/v2\/comments?post=141222"}],"version-history":[{"count":1,"href":"https:\/\/www.caririemacao.com\/1\/wp-json\/wp\/v2\/posts\/141222\/revisions"}],"predecessor-version":[{"id":141225,"href":"https:\/\/www.caririemacao.com\/1\/wp-json\/wp\/v2\/posts\/141222\/revisions\/141225"}],"wp:featuredmedia":[{"embeddable":true,"href":"https:\/\/www.caririemacao.com\/1\/wp-json\/wp\/v2\/media\/141224"}],"wp:attachment":[{"href":"https:\/\/www.caririemacao.com\/1\/wp-json\/wp\/v2\/media?parent=141222"}],"wp:term":[{"taxonomy":"category","embeddable":true,"href":"https:\/\/www.caririemacao.com\/1\/wp-json\/wp\/v2\/categories?post=141222"},{"taxonomy":"post_tag","embeddable":true,"href":"https:\/\/www.caririemacao.com\/1\/wp-json\/wp\/v2\/tags?post=141222"}],"curies":[{"name":"wp","href":"https:\/\/api.w.org\/{rel}","templated":true}]}}