{"id":141255,"date":"2019-12-17T10:15:33","date_gmt":"2019-12-17T13:15:33","guid":{"rendered":"http:\/\/www.caririemacao.com\/1\/?p=141255"},"modified":"2019-12-17T10:15:33","modified_gmt":"2019-12-17T13:15:33","slug":"monteiro-recebera-o-evento-oficinas-para-musicos-de-bandas-2019-no-campus-do-ifpb","status":"publish","type":"post","link":"https:\/\/www.caririemacao.com\/1\/2019\/12\/17\/monteiro-recebera-o-evento-oficinas-para-musicos-de-bandas-2019-no-campus-do-ifpb\/","title":{"rendered":"Monteiro receber\u00e1 o evento \u2018Oficinas para M\u00fasicos de Bandas 2019\u2019 no campus do IFPB"},"content":{"rendered":"\n<p>O IFPB campus Monteiro, atrav\u00e9s do Curso T\u00e9cnico de Instrumento Musical do IFPB, realizar\u00e1 o evento \u2018Oficinas para M\u00fasicos de Bandas 2019\u2019, no dia 19 de Dezembro de 2019, com o intuito de contribuir com a forma\u00e7\u00e3o dos mais diversos m\u00fasicos ligados ao universo das Bandas de M\u00fasica, Bandas Marciais e instrumentistas de sopro e percuss\u00e3o.<\/p>\n\n\n\n<p>O evento surgiu atrav\u00e9s do projeto de extens\u00e3o \u201cAperfei\u00e7oamento Instrumental\u201d coordenado pelo prof. Marlon Barros, que desde o ano 2016 realiza atividades de forma\u00e7\u00e3o complementar dos m\u00fasicos da regi\u00e3o do cariri paraibano e diferentes regi\u00f5es.<\/p>\n\n\n\n<p>O evento oferecer\u00e1 diversas oficinas para instrumentos, sendo eles: Clarinete, Flauta Transversal, Saxofone, Trompete, Trombone, Trompa, Tuba, Bateria\/Percuss\u00e3o, Composi\u00e7\u00e3o\/Arranjo Musical. Na programa\u00e7\u00e3o contaremos com diversas oficinas e ser\u00e3o realizadas nas instala\u00e7\u00f5es do IFPB Campus Monteiro, al\u00e9m de apresenta\u00e7\u00f5es musicais que ser\u00e3o realizadas para toda a popula\u00e7\u00e3o de Monteiro e regi\u00e3o.<\/p>\n\n\n\n<p>Inscri\u00e7\u00f5es:&nbsp;<a href=\"https:\/\/docs.google.com\/forms\/d\/e\/1FAIpQLScvgEVWFToFMduVGa9fFSHeabA4lz9i5mWl1_b3xM1A9DgtEA\/viewform?usp=sf_link\">https:\/\/docs.google.com\/forms\/d\/e\/1FAIpQLScvgEVWFToFMduVGa9fFSHeabA4lz9i5mWl1_b3xM1A9DgtEA\/viewform?usp=sf_link<\/a><\/p>\n","protected":false},"excerpt":{"rendered":"<p>O IFPB campus Monteiro, atrav\u00e9s do Curso T\u00e9cnico de Instrumento Musical do IFPB, realizar\u00e1 o evento \u2018Oficinas para M\u00fasicos de Bandas 2019\u2019, no dia 19&hellip; <\/p>\n","protected":false},"author":1,"featured_media":119279,"comment_status":"closed","ping_status":"closed","sticky":false,"template":"","format":"standard","meta":{"sfsi_plus_gutenberg_text_before_share":"","sfsi_plus_gutenberg_show_text_before_share":"","sfsi_plus_gutenberg_icon_type":"","sfsi_plus_gutenberg_icon_alignemt":"","sfsi_plus_gutenburg_max_per_row":"","footnotes":""},"categories":[6],"tags":[],"class_list":["post-141255","post","type-post","status-publish","format-standard","has-post-thumbnail","hentry","category-cidades"],"_links":{"self":[{"href":"https:\/\/www.caririemacao.com\/1\/wp-json\/wp\/v2\/posts\/141255","targetHints":{"allow":["GET"]}}],"collection":[{"href":"https:\/\/www.caririemacao.com\/1\/wp-json\/wp\/v2\/posts"}],"about":[{"href":"https:\/\/www.caririemacao.com\/1\/wp-json\/wp\/v2\/types\/post"}],"author":[{"embeddable":true,"href":"https:\/\/www.caririemacao.com\/1\/wp-json\/wp\/v2\/users\/1"}],"replies":[{"embeddable":true,"href":"https:\/\/www.caririemacao.com\/1\/wp-json\/wp\/v2\/comments?post=141255"}],"version-history":[{"count":1,"href":"https:\/\/www.caririemacao.com\/1\/wp-json\/wp\/v2\/posts\/141255\/revisions"}],"predecessor-version":[{"id":141256,"href":"https:\/\/www.caririemacao.com\/1\/wp-json\/wp\/v2\/posts\/141255\/revisions\/141256"}],"wp:featuredmedia":[{"embeddable":true,"href":"https:\/\/www.caririemacao.com\/1\/wp-json\/wp\/v2\/media\/119279"}],"wp:attachment":[{"href":"https:\/\/www.caririemacao.com\/1\/wp-json\/wp\/v2\/media?parent=141255"}],"wp:term":[{"taxonomy":"category","embeddable":true,"href":"https:\/\/www.caririemacao.com\/1\/wp-json\/wp\/v2\/categories?post=141255"},{"taxonomy":"post_tag","embeddable":true,"href":"https:\/\/www.caririemacao.com\/1\/wp-json\/wp\/v2\/tags?post=141255"}],"curies":[{"name":"wp","href":"https:\/\/api.w.org\/{rel}","templated":true}]}}