{"id":141264,"date":"2019-12-17T10:20:53","date_gmt":"2019-12-17T13:20:53","guid":{"rendered":"http:\/\/www.caririemacao.com\/1\/?p=141264"},"modified":"2019-12-17T10:20:53","modified_gmt":"2019-12-17T13:20:53","slug":"bolsonaro-anuncia-desembolso-de-mais-de-r-5-bilhoes-em-13-do-bolsa-familia","status":"publish","type":"post","link":"https:\/\/www.caririemacao.com\/1\/2019\/12\/17\/bolsonaro-anuncia-desembolso-de-mais-de-r-5-bilhoes-em-13-do-bolsa-familia\/","title":{"rendered":"Bolsonaro anuncia desembolso de mais de R$ 5 bilh\u00f5es em 13\u00b0 do Bolsa Fam\u00edlia"},"content":{"rendered":"\n<p>O presidente Jair Bolsonaro informou na noite desta segunda-feira (16) que o governo federal desembolsar\u00e1 neste m\u00eas mais de R$ 5 bilh\u00f5es no pagamento da parcela do 13\u00b0 sal\u00e1rio do programa Bolsa Fam\u00edlia.<\/p>\n\n\n\n<p>Em mensagem publicada nas redes sociais, Bolsonaro disse que o aporte teve in\u00edcio na ter\u00e7a-feira (10) passada e se estender\u00e1 at\u00e9 a pr\u00f3xima segunda-feira (23), beneficiando mais de 13 milh\u00f5es de fam\u00edlias de baixa renda.<\/p>\n\n\n\n<p>&#8220;O repasse acompanha o valor de dezembro, ou seja, neste m\u00eas, as fam\u00edlias receber\u00e3o o dobro do benef\u00edcio&#8221;, escreveu.<\/p>\n\n\n\n<p>&#8220;No total, ser\u00e3o mais de R$ 5 bilh\u00f5es distribu\u00eddos para mais de 13 milh\u00f5es de fam\u00edlias de baixa renda em todo o Brasil, em especial no Nordeste, sendo o maior repasse j\u00e1 realizado na hist\u00f3ria do programa.&#8221;<\/p>\n\n\n\n<p>Em outubro, o presidente assinou uma medida provis\u00f3ria prevendo o pagamento de mais uma parcela anual do benef\u00edcio social. O Bolsa Fam\u00edlia atende pessoas que vivem em situa\u00e7\u00e3o de extrema pobreza, com renda per capita de at\u00e9 R$ 89 mensais, e pobreza, com renda entre R$ 89,01 e R$ 178 por m\u00eas.<\/p>\n\n\n\n<p>Em novembro, o jornal Folha de S.Paulo mostrou que o Bolsa Fam\u00edlia n\u00e3o tinha os recursos reservados para pagar o 13\u00ba. Havia um buraco no or\u00e7amento do programa de R$ 759 milh\u00f5es, de acordo com nota t\u00e9cnica do Poder Legislativo.<\/p>\n\n\n\n<p>Procurado na ocasi\u00e3o, o Minist\u00e9rio da Cidadania disse apenas que o 13\u00ba ser\u00e1 garantido, mas n\u00e3o explicou como buscaria recursos extras. O Minist\u00e9rio da Economia n\u00e3o se manifestara.<\/p>\n\n\n\n<p>Nesta segunda-feira, o Minist\u00e9rio da Cidadania afirmou que, neste ano, o Bolsa Fam\u00edlia fechou o or\u00e7amento em R$ 33,6 bilh\u00f5es, cerca de 10% a mais do que em 2018 (R$ 30,6 bilh\u00f5es). Eram previstos R$ 32 bilh\u00f5es. A pasta n\u00e3o explicou a origem dos recursos.&nbsp;<\/p>\n\n\n\n<p>Ainda em novembro, o governo federal tamb\u00e9m se recusou a apresentar dados sobre o enxugamento que ocorre no programa federal.&nbsp;<\/p>\n\n\n\n<p>Conforme publicou a Folha de S.Paulo, o Minist\u00e9rio da Cidadania come\u00e7ou a barrar o n\u00famero de novas fam\u00edlias que entram no programa. A explica\u00e7\u00e3o \u00e9 a falta de dinheiro.<br>Integrantes da administra\u00e7\u00e3o federal afirmam, sob sigilo, que a fila de espera para o programa de transfer\u00eancia de renda \u00e9 de aproximadamente de 700 mil fam\u00edlias, mas oficialmente o governo n\u00e3o informa os n\u00fameros e onde est\u00e1 a maior parte do problema.<\/p>\n\n\n\n<p>At\u00e9 o final deste ano, Bolsonaro pretende anunciar uma reformula\u00e7\u00e3o da iniciativa, o que inclui a mudan\u00e7a do nome para Renda Brasil e a unifica\u00e7\u00e3o dos cart\u00f5es para recebimento do benef\u00edcio.&nbsp;<\/p>\n\n\n\n<p>Al\u00e9m disso, o Pal\u00e1cio do Planalto estuda atrelar o valor do pagamento ao desempenho escolar dos filhos das fam\u00edlias beneficiadas, em uma tentativa de diminuir a evas\u00e3o escolar.<\/p>\n","protected":false},"excerpt":{"rendered":"<p>O presidente Jair Bolsonaro informou na noite desta segunda-feira (16) que o governo federal desembolsar\u00e1 neste m\u00eas mais de R$ 5 bilh\u00f5es no pagamento da&hellip; <\/p>\n","protected":false},"author":1,"featured_media":131966,"comment_status":"closed","ping_status":"closed","sticky":false,"template":"","format":"standard","meta":{"sfsi_plus_gutenberg_text_before_share":"","sfsi_plus_gutenberg_show_text_before_share":"","sfsi_plus_gutenberg_icon_type":"","sfsi_plus_gutenberg_icon_alignemt":"","sfsi_plus_gutenburg_max_per_row":"","footnotes":""},"categories":[11],"tags":[],"class_list":["post-141264","post","type-post","status-publish","format-standard","has-post-thumbnail","hentry","category-politica"],"_links":{"self":[{"href":"https:\/\/www.caririemacao.com\/1\/wp-json\/wp\/v2\/posts\/141264","targetHints":{"allow":["GET"]}}],"collection":[{"href":"https:\/\/www.caririemacao.com\/1\/wp-json\/wp\/v2\/posts"}],"about":[{"href":"https:\/\/www.caririemacao.com\/1\/wp-json\/wp\/v2\/types\/post"}],"author":[{"embeddable":true,"href":"https:\/\/www.caririemacao.com\/1\/wp-json\/wp\/v2\/users\/1"}],"replies":[{"embeddable":true,"href":"https:\/\/www.caririemacao.com\/1\/wp-json\/wp\/v2\/comments?post=141264"}],"version-history":[{"count":1,"href":"https:\/\/www.caririemacao.com\/1\/wp-json\/wp\/v2\/posts\/141264\/revisions"}],"predecessor-version":[{"id":141266,"href":"https:\/\/www.caririemacao.com\/1\/wp-json\/wp\/v2\/posts\/141264\/revisions\/141266"}],"wp:featuredmedia":[{"embeddable":true,"href":"https:\/\/www.caririemacao.com\/1\/wp-json\/wp\/v2\/media\/131966"}],"wp:attachment":[{"href":"https:\/\/www.caririemacao.com\/1\/wp-json\/wp\/v2\/media?parent=141264"}],"wp:term":[{"taxonomy":"category","embeddable":true,"href":"https:\/\/www.caririemacao.com\/1\/wp-json\/wp\/v2\/categories?post=141264"},{"taxonomy":"post_tag","embeddable":true,"href":"https:\/\/www.caririemacao.com\/1\/wp-json\/wp\/v2\/tags?post=141264"}],"curies":[{"name":"wp","href":"https:\/\/api.w.org\/{rel}","templated":true}]}}