{"id":141272,"date":"2019-12-17T11:00:30","date_gmt":"2019-12-17T14:00:30","guid":{"rendered":"http:\/\/www.caririemacao.com\/1\/?p=141272"},"modified":"2019-12-17T11:00:30","modified_gmt":"2019-12-17T14:00:30","slug":"irmao-de-ricardo-coriolano-coutinho-e-preso-pela-policia-federal-nesta-terca","status":"publish","type":"post","link":"https:\/\/www.caririemacao.com\/1\/2019\/12\/17\/irmao-de-ricardo-coriolano-coutinho-e-preso-pela-policia-federal-nesta-terca\/","title":{"rendered":"Irm\u00e3o de Ricardo, Coriolano Coutinho, \u00e9 preso pela Pol\u00edcia Federal nesta ter\u00e7a"},"content":{"rendered":"\n<p>O irm\u00e3o do ex-governador Ricardo Coutinho, Coriolano Coutinho, foi preso pela Pol\u00edcia Federal ap\u00f3s a deflagra\u00e7\u00e3o da s\u00e9tima fase da Opera\u00e7\u00e3o Calv\u00e1rio, Ju\u00edzo Final, nesta ter\u00e7a-feira (17).<\/p>\n\n\n\n<p>Ele foi levado para a sede da Pol\u00edcia Federal, em Cabedelo. A investiga\u00e7\u00e3o aponta que Coriolano seria respons\u00e1vel por coletar os valores arrecadados pela organiza\u00e7\u00e3o criminosa<\/p>\n","protected":false},"excerpt":{"rendered":"<p>O irm\u00e3o do ex-governador Ricardo Coutinho, Coriolano Coutinho, foi preso pela Pol\u00edcia Federal ap\u00f3s a deflagra\u00e7\u00e3o da s\u00e9tima fase da Opera\u00e7\u00e3o Calv\u00e1rio, Ju\u00edzo Final, nesta&hellip; <\/p>\n","protected":false},"author":1,"featured_media":141274,"comment_status":"closed","ping_status":"closed","sticky":false,"template":"","format":"standard","meta":{"sfsi_plus_gutenberg_text_before_share":"","sfsi_plus_gutenberg_show_text_before_share":"","sfsi_plus_gutenberg_icon_type":"","sfsi_plus_gutenberg_icon_alignemt":"","sfsi_plus_gutenburg_max_per_row":"","footnotes":""},"categories":[12],"tags":[],"class_list":["post-141272","post","type-post","status-publish","format-standard","has-post-thumbnail","hentry","category-policia"],"_links":{"self":[{"href":"https:\/\/www.caririemacao.com\/1\/wp-json\/wp\/v2\/posts\/141272","targetHints":{"allow":["GET"]}}],"collection":[{"href":"https:\/\/www.caririemacao.com\/1\/wp-json\/wp\/v2\/posts"}],"about":[{"href":"https:\/\/www.caririemacao.com\/1\/wp-json\/wp\/v2\/types\/post"}],"author":[{"embeddable":true,"href":"https:\/\/www.caririemacao.com\/1\/wp-json\/wp\/v2\/users\/1"}],"replies":[{"embeddable":true,"href":"https:\/\/www.caririemacao.com\/1\/wp-json\/wp\/v2\/comments?post=141272"}],"version-history":[{"count":1,"href":"https:\/\/www.caririemacao.com\/1\/wp-json\/wp\/v2\/posts\/141272\/revisions"}],"predecessor-version":[{"id":141275,"href":"https:\/\/www.caririemacao.com\/1\/wp-json\/wp\/v2\/posts\/141272\/revisions\/141275"}],"wp:featuredmedia":[{"embeddable":true,"href":"https:\/\/www.caririemacao.com\/1\/wp-json\/wp\/v2\/media\/141274"}],"wp:attachment":[{"href":"https:\/\/www.caririemacao.com\/1\/wp-json\/wp\/v2\/media?parent=141272"}],"wp:term":[{"taxonomy":"category","embeddable":true,"href":"https:\/\/www.caririemacao.com\/1\/wp-json\/wp\/v2\/categories?post=141272"},{"taxonomy":"post_tag","embeddable":true,"href":"https:\/\/www.caririemacao.com\/1\/wp-json\/wp\/v2\/tags?post=141272"}],"curies":[{"name":"wp","href":"https:\/\/api.w.org\/{rel}","templated":true}]}}