{"id":141278,"date":"2019-12-17T11:02:46","date_gmt":"2019-12-17T14:02:46","guid":{"rendered":"http:\/\/www.caririemacao.com\/1\/?p=141278"},"modified":"2019-12-17T11:02:46","modified_gmt":"2019-12-17T14:02:46","slug":"stj-autoriza-cumprimento-de-mandados-na-granja-santana-tce-e-palacio-da-redencao","status":"publish","type":"post","link":"https:\/\/www.caririemacao.com\/1\/2019\/12\/17\/stj-autoriza-cumprimento-de-mandados-na-granja-santana-tce-e-palacio-da-redencao\/","title":{"rendered":"STJ autoriza cumprimento de mandados na Granja Santana, TCE e Pal\u00e1cio da Reden\u00e7\u00e3o"},"content":{"rendered":"\n<p>O Superior Tribunal de Justi\u00e7a (STJ) autorizou que o Minist\u00e9rio P\u00fablico da Para\u00edba, a Pol\u00edcia Federal e a Controladoria-Geral da Uni\u00e3o pudessem cumprir mandados de busca e apreens\u00e3o na Granja Santana, que \u00e9 a resid\u00eancia oficial do governador da Para\u00edba, no Pal\u00e1cio da Reden\u00e7\u00e3o e no Tribunal de Contas do Estado.<\/p>\n\n\n\n<p>Pelo que a nossa reportagem&nbsp;pode apurar, esta parte do processo corre em segredo de justi\u00e7a.<\/p>\n\n\n\n<p>A s\u00e9tima fase da Opera\u00e7\u00e3o Calv\u00e1rio, intitulada de Ju\u00edzo Final, foi deflagrada nesta ter\u00e7a-feira (17). Nela, o Tribunal de Justi\u00e7a da Para\u00edba (TJPB) decretou a pris\u00e3o do ex-governador Ricardo Coutinho (PSB), da deputada Estela Bezerra (PSB), a prefeita do Conde, M\u00e1rcia Lucena (PSB), al\u00e9m de ex-auxiliares de gest\u00f5es socialistas.<\/p>\n\n\n\n<p><em>Com Mais PB<\/em><\/p>\n","protected":false},"excerpt":{"rendered":"<p>O Superior Tribunal de Justi\u00e7a (STJ) autorizou que o Minist\u00e9rio P\u00fablico da Para\u00edba, a Pol\u00edcia Federal e a Controladoria-Geral da Uni\u00e3o pudessem cumprir mandados de&hellip; <\/p>\n","protected":false},"author":1,"featured_media":141279,"comment_status":"closed","ping_status":"closed","sticky":false,"template":"","format":"standard","meta":{"sfsi_plus_gutenberg_text_before_share":"","sfsi_plus_gutenberg_show_text_before_share":"","sfsi_plus_gutenberg_icon_type":"","sfsi_plus_gutenberg_icon_alignemt":"","sfsi_plus_gutenburg_max_per_row":"","footnotes":""},"categories":[11],"tags":[],"class_list":["post-141278","post","type-post","status-publish","format-standard","has-post-thumbnail","hentry","category-politica"],"_links":{"self":[{"href":"https:\/\/www.caririemacao.com\/1\/wp-json\/wp\/v2\/posts\/141278","targetHints":{"allow":["GET"]}}],"collection":[{"href":"https:\/\/www.caririemacao.com\/1\/wp-json\/wp\/v2\/posts"}],"about":[{"href":"https:\/\/www.caririemacao.com\/1\/wp-json\/wp\/v2\/types\/post"}],"author":[{"embeddable":true,"href":"https:\/\/www.caririemacao.com\/1\/wp-json\/wp\/v2\/users\/1"}],"replies":[{"embeddable":true,"href":"https:\/\/www.caririemacao.com\/1\/wp-json\/wp\/v2\/comments?post=141278"}],"version-history":[{"count":1,"href":"https:\/\/www.caririemacao.com\/1\/wp-json\/wp\/v2\/posts\/141278\/revisions"}],"predecessor-version":[{"id":141280,"href":"https:\/\/www.caririemacao.com\/1\/wp-json\/wp\/v2\/posts\/141278\/revisions\/141280"}],"wp:featuredmedia":[{"embeddable":true,"href":"https:\/\/www.caririemacao.com\/1\/wp-json\/wp\/v2\/media\/141279"}],"wp:attachment":[{"href":"https:\/\/www.caririemacao.com\/1\/wp-json\/wp\/v2\/media?parent=141278"}],"wp:term":[{"taxonomy":"category","embeddable":true,"href":"https:\/\/www.caririemacao.com\/1\/wp-json\/wp\/v2\/categories?post=141278"},{"taxonomy":"post_tag","embeddable":true,"href":"https:\/\/www.caririemacao.com\/1\/wp-json\/wp\/v2\/tags?post=141278"}],"curies":[{"name":"wp","href":"https:\/\/api.w.org\/{rel}","templated":true}]}}