{"id":141285,"date":"2019-12-17T11:05:02","date_gmt":"2019-12-17T14:05:02","guid":{"rendered":"http:\/\/www.caririemacao.com\/1\/?p=141285"},"modified":"2019-12-17T11:05:02","modified_gmt":"2019-12-17T14:05:02","slug":"marcia-lucena-se-apresenta-a-policia-federal","status":"publish","type":"post","link":"https:\/\/www.caririemacao.com\/1\/2019\/12\/17\/marcia-lucena-se-apresenta-a-policia-federal\/","title":{"rendered":"M\u00e1rcia Lucena se apresenta a Pol\u00edcia Federal"},"content":{"rendered":"\n<p>A ex-secret\u00e1ria de Educa\u00e7\u00e3o do Governo Ricardo Coutinho e atual prefeita do munic\u00edpio de Conde, M\u00e1rcia Lucena (PSB), se apresentou na manh\u00e3 desta ter\u00e7a-feira (17) na sede da Pol\u00edcia Federal, em Cabedelo. Ela \u00e9 um dos 17 alvos de pris\u00e3o preventiva da s\u00e9tima fase da Opera\u00e7\u00e3o Calv\u00e1rio.\u00a0<\/p>\n\n\n\n<p>Click PB<\/p>\n","protected":false},"excerpt":{"rendered":"<p>A ex-secret\u00e1ria de Educa\u00e7\u00e3o do Governo Ricardo Coutinho e atual prefeita do munic\u00edpio de Conde, M\u00e1rcia Lucena (PSB), se apresentou na manh\u00e3 desta ter\u00e7a-feira (17)&hellip; <\/p>\n","protected":false},"author":1,"featured_media":141288,"comment_status":"closed","ping_status":"closed","sticky":false,"template":"","format":"standard","meta":{"sfsi_plus_gutenberg_text_before_share":"","sfsi_plus_gutenberg_show_text_before_share":"","sfsi_plus_gutenberg_icon_type":"","sfsi_plus_gutenberg_icon_alignemt":"","sfsi_plus_gutenburg_max_per_row":"","footnotes":""},"categories":[11],"tags":[],"class_list":["post-141285","post","type-post","status-publish","format-standard","has-post-thumbnail","hentry","category-politica"],"_links":{"self":[{"href":"https:\/\/www.caririemacao.com\/1\/wp-json\/wp\/v2\/posts\/141285","targetHints":{"allow":["GET"]}}],"collection":[{"href":"https:\/\/www.caririemacao.com\/1\/wp-json\/wp\/v2\/posts"}],"about":[{"href":"https:\/\/www.caririemacao.com\/1\/wp-json\/wp\/v2\/types\/post"}],"author":[{"embeddable":true,"href":"https:\/\/www.caririemacao.com\/1\/wp-json\/wp\/v2\/users\/1"}],"replies":[{"embeddable":true,"href":"https:\/\/www.caririemacao.com\/1\/wp-json\/wp\/v2\/comments?post=141285"}],"version-history":[{"count":1,"href":"https:\/\/www.caririemacao.com\/1\/wp-json\/wp\/v2\/posts\/141285\/revisions"}],"predecessor-version":[{"id":141289,"href":"https:\/\/www.caririemacao.com\/1\/wp-json\/wp\/v2\/posts\/141285\/revisions\/141289"}],"wp:featuredmedia":[{"embeddable":true,"href":"https:\/\/www.caririemacao.com\/1\/wp-json\/wp\/v2\/media\/141288"}],"wp:attachment":[{"href":"https:\/\/www.caririemacao.com\/1\/wp-json\/wp\/v2\/media?parent=141285"}],"wp:term":[{"taxonomy":"category","embeddable":true,"href":"https:\/\/www.caririemacao.com\/1\/wp-json\/wp\/v2\/categories?post=141285"},{"taxonomy":"post_tag","embeddable":true,"href":"https:\/\/www.caririemacao.com\/1\/wp-json\/wp\/v2\/tags?post=141285"}],"curies":[{"name":"wp","href":"https:\/\/api.w.org\/{rel}","templated":true}]}}