{"id":141293,"date":"2019-12-17T11:07:10","date_gmt":"2019-12-17T14:07:10","guid":{"rendered":"http:\/\/www.caririemacao.com\/1\/?p=141293"},"modified":"2019-12-17T11:07:10","modified_gmt":"2019-12-17T14:07:10","slug":"flamengo-estreia-contra-al-hilal-no-mundial-de-clubes","status":"publish","type":"post","link":"https:\/\/www.caririemacao.com\/1\/2019\/12\/17\/flamengo-estreia-contra-al-hilal-no-mundial-de-clubes\/","title":{"rendered":"Flamengo estreia contra Al-Hilal no Mundial de Clubes"},"content":{"rendered":"\n<p>Campe\u00e3o da Copa Libertadores, o Flamengo estreia no Mundial de Clubes da Fifa nesta ter\u00e7a-feira, \u00e0s 14h30 (de Bras\u00edlia), quando encara o Al Hilal da Ar\u00e1bia Saudita, no Est\u00e1dio Khalifa International, em Doha, no Catar, pelas semifinais. O sonho do Rubro-Negro \u00e9 estar na decis\u00e3o de s\u00e1bado, contra o vitorioso do embate entre o Liverpool e o Monterrey do M\u00e9xico, que fazem a outra semifinal nesta quarta-feira.<\/p>\n\n\n\n<p>O Al Hilal se garantiu neste jogo ao derrotar no fim de semana, por 1 a 0, o Esp\u00e9rance da Tun\u00edsia. O time \u00e1rabe foi dirigido recentemente pelo atual t\u00e9cnico do Flamengo, Jorge Jesus, que trabalhou com v\u00e1rios desses atletas. O portugu\u00eas alerta para o rival.<\/p>\n\n\n\n<p>&#8220;Ajudei a montar este time e sei que vamos encontrar muitos problemas, pois \u00e9 um conjunto forte e muito bem armado. Conta com atletas experientes, acostumados a grandes confrontos, e isso vai exigir demais da nossa equipe &#8211; disse Jesus.<\/p>\n\n\n\n<p>Justamente por conta disso, a ordem no Flamengo \u00e9 esquecer uma poss\u00edvel decis\u00e3o com o Liverpool.<\/p>\n\n\n\n<p>&#8220;N\u00e3o podemos falar em Liverpool antes da semifinal. Todas as equipes que chegam ao Mundial s\u00e3o campe\u00e3s e, por conta disso, ser\u00e1 uma semifinal dif\u00edcil. O Mister j\u00e1 vem falando para n\u00e3o pensarmos na final. J\u00e1 joguei contra o Al Hilal, tem grandes jogadores. O Mister sempre fala porque realmente \u00e9 um time forte&#8221;, disse o meia Everton Ribeiro.<\/p>\n\n\n\n<p>O respeito entre os times \u00e9 m\u00fatuo. O romeno Razvan Lucescu, comandante do Al Hilal, \u00e9 s\u00f3 elogios para Jorge Jesus.<\/p>\n\n\n\n<p>&#8220;O Mister Jesus \u00e9 um dos principais treinadores do mundo atualmente, ajudou na constru\u00e7\u00e3o deste time. Portanto, sabemos que teremos uma grande semifinal pela frente. Temos que pensar em fazer um grande confronto, em alto n\u00edvel&#8221;, disse Lucescu.<\/p>\n\n\n\n<p>Em termos de escala\u00e7\u00e3o, Jorge Jesus vai manter a base que conquistou a Copa Libertadores e o Campeonato Brasileiro.<\/p>\n\n\n\n<p>J\u00e1 o Al Hilal vai promover a entrada do atacante franc\u00eas Baf\u00e9timbi Gomis, her\u00f3i da vit\u00f3ria sobre o Esp\u00e9rance. Ele ganha a vaga do volante Mohamed Kanno, expulso contra os tunisianos. Assim, o meia brasileiro Carlos Eduardo jogar\u00e1 um pouco mais recuado.<\/p>\n\n\n\n<p>Caso a partida desta ter\u00e7a-feira termine empatada no tempo regulamentar, acontecer\u00e1 uma prorroga\u00e7\u00e3o de trinta minutos. Persistindo a igualdade no tempo extra, o classificado ser\u00e1 conhecido nas cobran\u00e7as de p\u00eanaltis.<\/p>\n\n\n\n<p><strong>DISPUTA DO QUINTO LUGAR<\/strong><\/p>\n\n\n\n<p>Na preliminar, \u00e0s 11h30(de Bras\u00edlia), acontece a decis\u00e3o do quinto lugar do Mundial de Clubes. O Esp\u00e9rance vai enfrentar o Al Sadd, time da casa e que na segunda fase foi eliminado pelo Monterrey do M\u00e9xico com uma derrota por 3 a 2.<\/p>\n\n\n\n<p><strong>FICHA T\u00c9CNICA<\/strong><\/p>\n\n\n\n<p><strong>FLAMENGO-BRA X AL HILAL-ARA<\/strong><\/p>\n\n\n\n<p>Local: Est\u00e1dio Khalifa International, em Doha (Catar)<\/p>\n\n\n\n<p>Data: 17 de dezembro de 2019 (Ter\u00e7a-feira)<\/p>\n\n\n\n<p>Hor\u00e1rio: 14h30(de Bras\u00edlia)<\/p>\n\n\n\n<p>\u00c1rbitro: Ismail Elfath (EUA)<\/p>\n\n\n\n<p>Assistentes: Kyle Atkins e Parker Corey (ambos dos EUA)<\/p>\n\n\n\n<p>VAR: Allan Kelly (Irlanda)<\/p>\n\n\n\n<p>FLAMENGO: Diego Alves, Rafinha, Rodrigo Caio, Pablo Mar\u00ed e Filipe Lu\u00eds; Willian Ar\u00e3o, Gerson, Everton Ribeiro e De Arrascaeta; Bruno Henrique e Gabigol<\/p>\n\n\n\n<p>T\u00e9cnico: Jorge Jesus<\/p>\n\n\n\n<p>AL HILAL: Abdullah Almuaiouf, Mohammed Alburayk, Ali Albulayhi, Jang Hyunsoo e Yasser Alshahrani; Gustavo Cu\u00e9llar, Carlos Eduardo, Sebastian Giovinco e Salem Al-Dawsari; Andr\u00e9 Carrillo e Baf\u00e9timbi Gomis<\/p>\n\n\n\n<p>T\u00e9cnico: Razvan Lucescu<\/p>\n","protected":false},"excerpt":{"rendered":"<p>Campe\u00e3o da Copa Libertadores, o Flamengo estreia no Mundial de Clubes da Fifa nesta ter\u00e7a-feira, \u00e0s 14h30 (de Bras\u00edlia), quando encara o Al Hilal da&hellip; <\/p>\n","protected":false},"author":1,"featured_media":141296,"comment_status":"closed","ping_status":"closed","sticky":false,"template":"","format":"standard","meta":{"sfsi_plus_gutenberg_text_before_share":"","sfsi_plus_gutenberg_show_text_before_share":"","sfsi_plus_gutenberg_icon_type":"","sfsi_plus_gutenberg_icon_alignemt":"","sfsi_plus_gutenburg_max_per_row":"","footnotes":""},"categories":[13],"tags":[],"class_list":["post-141293","post","type-post","status-publish","format-standard","has-post-thumbnail","hentry","category-esportes"],"_links":{"self":[{"href":"https:\/\/www.caririemacao.com\/1\/wp-json\/wp\/v2\/posts\/141293","targetHints":{"allow":["GET"]}}],"collection":[{"href":"https:\/\/www.caririemacao.com\/1\/wp-json\/wp\/v2\/posts"}],"about":[{"href":"https:\/\/www.caririemacao.com\/1\/wp-json\/wp\/v2\/types\/post"}],"author":[{"embeddable":true,"href":"https:\/\/www.caririemacao.com\/1\/wp-json\/wp\/v2\/users\/1"}],"replies":[{"embeddable":true,"href":"https:\/\/www.caririemacao.com\/1\/wp-json\/wp\/v2\/comments?post=141293"}],"version-history":[{"count":1,"href":"https:\/\/www.caririemacao.com\/1\/wp-json\/wp\/v2\/posts\/141293\/revisions"}],"predecessor-version":[{"id":141297,"href":"https:\/\/www.caririemacao.com\/1\/wp-json\/wp\/v2\/posts\/141293\/revisions\/141297"}],"wp:featuredmedia":[{"embeddable":true,"href":"https:\/\/www.caririemacao.com\/1\/wp-json\/wp\/v2\/media\/141296"}],"wp:attachment":[{"href":"https:\/\/www.caririemacao.com\/1\/wp-json\/wp\/v2\/media?parent=141293"}],"wp:term":[{"taxonomy":"category","embeddable":true,"href":"https:\/\/www.caririemacao.com\/1\/wp-json\/wp\/v2\/categories?post=141293"},{"taxonomy":"post_tag","embeddable":true,"href":"https:\/\/www.caririemacao.com\/1\/wp-json\/wp\/v2\/tags?post=141293"}],"curies":[{"name":"wp","href":"https:\/\/api.w.org\/{rel}","templated":true}]}}