{"id":141299,"date":"2019-12-17T11:09:54","date_gmt":"2019-12-17T14:09:54","guid":{"rendered":"http:\/\/www.caririemacao.com\/1\/?p=141299"},"modified":"2019-12-17T11:09:54","modified_gmt":"2019-12-17T14:09:54","slug":"aesa-divulga-previsao-climatica-para-o-proximo-trimestre-em-regioes-da-paraiba","status":"publish","type":"post","link":"https:\/\/www.caririemacao.com\/1\/2019\/12\/17\/aesa-divulga-previsao-climatica-para-o-proximo-trimestre-em-regioes-da-paraiba\/","title":{"rendered":"Aesa divulga previs\u00e3o clim\u00e1tica para o pr\u00f3ximo trimestre em regi\u00f5es da Para\u00edba"},"content":{"rendered":"\n<p><br>A Ag\u00eancia Executiva de Gest\u00e3o das \u00c1guas do Estado da Para\u00edba (Aesa) realiza, nesta ter\u00e7a-feira (17), a Reuni\u00e3o T\u00e9cnica de An\u00e1lise e Previs\u00e3o Clim\u00e1tica para o setor norte da regi\u00e3o Nordeste. Especialistas em recursos h\u00eddricos da Para\u00edba, Pernambuco e Rio Grande do Norte discutem as principais caracter\u00edsticas clim\u00e1ticas da Regi\u00e3o e, ao fim do dia, anunciam a previs\u00e3o clim\u00e1tica para o pr\u00f3ximo trimestre nas regi\u00f5es do Cariri, Sert\u00e3o e Alto Sert\u00e3o.<\/p>\n\n\n\n<figure class=\"wp-block-image\"><img decoding=\"async\" data-src=\"https:\/\/paraibaonline.com.br\/wp-content\/uploads\/2019\/06\/chuva-pe.jpg\" alt=\"\" class=\"wp-image-744412 lazyload\" src=\"data:image\/svg+xml;base64,PHN2ZyB3aWR0aD0iMSIgaGVpZ2h0PSIxIiB4bWxucz0iaHR0cDovL3d3dy53My5vcmcvMjAwMC9zdmciPjwvc3ZnPg==\" \/><\/figure>\n\n\n\n<p>Foto ilustrativa: Reprodu\u00e7\u00e3o<\/p>\n\n\n\n<p>O encontro ser\u00e1 na Universidade Federal de Campina Grande (UFCG).<\/p>\n\n\n\n<p>Entre outros aspectos, ser\u00e3o analisadas as condi\u00e7\u00f5es globais dos oceanos, da atmosfera e os resultados de modelos num\u00e9ricos de previs\u00e3o clim\u00e1tica sazonal.<\/p>\n\n\n\n<p>Ap\u00f3s as discuss\u00f5es t\u00e9cnicas, os meteorologistas ir\u00e3o elaborar um relat\u00f3rio informando as possibilidades das chuvas ficarem abaixo, acima ou dentro da m\u00e9dia no setor norte do Nordeste.<\/p>\n\n\n\n<p>Participar\u00e3o da elabora\u00e7\u00e3o deste documento, representantes da Aesa, UFCG, Empresa de Pesquisa Agropecu\u00e1ria do Rio Grande do Norte (Emparn) e Ag\u00eancia Pernambucana de \u00c1guas e Clima (Apac).<\/p>\n\n\n\n<p>O progn\u00f3stico clim\u00e1tico completo ser\u00e1 disponibilizado no site&nbsp;<a href=\"http:\/\/aesa.pb.gov\/\" target=\"_blank\" rel=\"noreferrer noopener\">aesa.pb.gov<\/a>. A p\u00e1gina da Aesa na internet tamb\u00e9m disponibiliza informa\u00e7\u00f5es sobre autoriza\u00e7\u00e3o para uso da \u00e1gua bruta e o trabalho desenvolvido pelos comit\u00eas de bacias.<\/p>\n","protected":false},"excerpt":{"rendered":"<p>A Ag\u00eancia Executiva de Gest\u00e3o das \u00c1guas do Estado da Para\u00edba (Aesa) realiza, nesta ter\u00e7a-feira (17), a Reuni\u00e3o T\u00e9cnica de An\u00e1lise e Previs\u00e3o Clim\u00e1tica para&hellip; <\/p>\n","protected":false},"author":1,"featured_media":85353,"comment_status":"closed","ping_status":"closed","sticky":false,"template":"","format":"standard","meta":{"sfsi_plus_gutenberg_text_before_share":"","sfsi_plus_gutenberg_show_text_before_share":"","sfsi_plus_gutenberg_icon_type":"","sfsi_plus_gutenberg_icon_alignemt":"","sfsi_plus_gutenburg_max_per_row":"","footnotes":""},"categories":[6],"tags":[],"class_list":["post-141299","post","type-post","status-publish","format-standard","has-post-thumbnail","hentry","category-cidades"],"_links":{"self":[{"href":"https:\/\/www.caririemacao.com\/1\/wp-json\/wp\/v2\/posts\/141299","targetHints":{"allow":["GET"]}}],"collection":[{"href":"https:\/\/www.caririemacao.com\/1\/wp-json\/wp\/v2\/posts"}],"about":[{"href":"https:\/\/www.caririemacao.com\/1\/wp-json\/wp\/v2\/types\/post"}],"author":[{"embeddable":true,"href":"https:\/\/www.caririemacao.com\/1\/wp-json\/wp\/v2\/users\/1"}],"replies":[{"embeddable":true,"href":"https:\/\/www.caririemacao.com\/1\/wp-json\/wp\/v2\/comments?post=141299"}],"version-history":[{"count":1,"href":"https:\/\/www.caririemacao.com\/1\/wp-json\/wp\/v2\/posts\/141299\/revisions"}],"predecessor-version":[{"id":141300,"href":"https:\/\/www.caririemacao.com\/1\/wp-json\/wp\/v2\/posts\/141299\/revisions\/141300"}],"wp:featuredmedia":[{"embeddable":true,"href":"https:\/\/www.caririemacao.com\/1\/wp-json\/wp\/v2\/media\/85353"}],"wp:attachment":[{"href":"https:\/\/www.caririemacao.com\/1\/wp-json\/wp\/v2\/media?parent=141299"}],"wp:term":[{"taxonomy":"category","embeddable":true,"href":"https:\/\/www.caririemacao.com\/1\/wp-json\/wp\/v2\/categories?post=141299"},{"taxonomy":"post_tag","embeddable":true,"href":"https:\/\/www.caririemacao.com\/1\/wp-json\/wp\/v2\/tags?post=141299"}],"curies":[{"name":"wp","href":"https:\/\/api.w.org\/{rel}","templated":true}]}}