{"id":141305,"date":"2019-12-17T13:10:37","date_gmt":"2019-12-17T16:10:37","guid":{"rendered":"http:\/\/www.caririemacao.com\/1\/?p=141305"},"modified":"2019-12-17T13:17:50","modified_gmt":"2019-12-17T16:17:50","slug":"projeto-estante-magica-leva-magia-da-leitura-a-sao-jose-dos-cordeiros","status":"publish","type":"post","link":"https:\/\/www.caririemacao.com\/1\/2019\/12\/17\/projeto-estante-magica-leva-magia-da-leitura-a-sao-jose-dos-cordeiros\/","title":{"rendered":"Projeto \u2018Estante M\u00e1gica\u2019 leva magia da leitura \u00e0 S\u00e3o Jos\u00e9 dos Cordeiros; VEJA FOTOS"},"content":{"rendered":"\n<p>A Escola Estadual Bartolomeu Maracaj\u00e1, de S\u00e3o Jos\u00e9 dos Cordeiros, no Cariri Paraibano, realizou nesta segunda 17\/12\/2019 a culmin\u00e2ncia do Projeto \u2018Estante M\u00e1gica\u2019, que foi\u00a0sucesso\u00a0absoluto, realmente m\u00e1gico. A cerimonia ocorreu no Clube Asa Branca.<\/p>\n\n\n\n<p>Durante a execu\u00e7\u00e3o dos trabalhos, cada professor acompanhou seus alunos e cada um fez sua produ\u00e7\u00e3o de texto, ilustrando e criando assim livros bel\u00edssimos, que foram enviados a editora para fazer a impress\u00e3o.<\/p>\n\n\n\n<figure class=\"wp-block-image\"><img fetchpriority=\"high\" decoding=\"async\" width=\"1024\" height=\"678\" src=\"http:\/\/www.caririemacao.com\/1\/wp-content\/uploads\/2019\/12\/DSC_0339-1024x678.jpg\" alt=\"\" class=\"wp-image-141309\" srcset=\"https:\/\/www.caririemacao.com\/1\/wp-content\/uploads\/2019\/12\/DSC_0339-1024x678.jpg 1024w, https:\/\/www.caririemacao.com\/1\/wp-content\/uploads\/2019\/12\/DSC_0339-300x199.jpg 300w, https:\/\/www.caririemacao.com\/1\/wp-content\/uploads\/2019\/12\/DSC_0339-768x509.jpg 768w, https:\/\/www.caririemacao.com\/1\/wp-content\/uploads\/2019\/12\/DSC_0339.jpg 1600w\" sizes=\"(max-width: 1024px) 100vw, 1024px\" \/><\/figure>\n\n\n\n<p>Na noite de aut\u00f3grafos os \u201calunos escritores\u201d, todos estudantes da\u00a0escola que participaram do projeto receberam seus familiares, a comunidade escolar, os pais e pessoas das cidades vizinhas e local para prestigi\u00e1-los. O clube Asa Branca ficou repleto de pessoas encantadas com os trabalhos dos alunos, que foram produzidos dentro da sala de aula. <\/p>\n\n\n\n<figure class=\"wp-block-image\"><img decoding=\"async\" width=\"1024\" height=\"678\" data-src=\"http:\/\/www.caririemacao.com\/1\/wp-content\/uploads\/2019\/12\/DSC_0191-1024x678.jpg\" alt=\"\" class=\"wp-image-141310 lazyload\" data-srcset=\"https:\/\/www.caririemacao.com\/1\/wp-content\/uploads\/2019\/12\/DSC_0191-1024x678.jpg 1024w, https:\/\/www.caririemacao.com\/1\/wp-content\/uploads\/2019\/12\/DSC_0191-300x199.jpg 300w, https:\/\/www.caririemacao.com\/1\/wp-content\/uploads\/2019\/12\/DSC_0191-768x509.jpg 768w, https:\/\/www.caririemacao.com\/1\/wp-content\/uploads\/2019\/12\/DSC_0191.jpg 1600w\" data-sizes=\"(max-width: 1024px) 100vw, 1024px\" src=\"data:image\/svg+xml;base64,PHN2ZyB3aWR0aD0iMSIgaGVpZ2h0PSIxIiB4bWxucz0iaHR0cDovL3d3dy53My5vcmcvMjAwMC9zdmciPjwvc3ZnPg==\" style=\"--smush-placeholder-width: 1024px; --smush-placeholder-aspect-ratio: 1024\/678;\" \/><\/figure>\n\n\n\n<p>O p\u00fablico tamb\u00e9m presenciou v\u00e1rias apresenta\u00e7\u00f5es culturais e homenagens feitas para os professores e dire\u00e7\u00e3o da escola. <\/p>\n\n\n\n<figure class=\"wp-block-image\"><img decoding=\"async\" width=\"1024\" height=\"678\" data-src=\"http:\/\/www.caririemacao.com\/1\/wp-content\/uploads\/2019\/12\/DSC_0067-1-1024x678.jpg\" alt=\"\" class=\"wp-image-141311 lazyload\" data-srcset=\"https:\/\/www.caririemacao.com\/1\/wp-content\/uploads\/2019\/12\/DSC_0067-1-1024x678.jpg 1024w, https:\/\/www.caririemacao.com\/1\/wp-content\/uploads\/2019\/12\/DSC_0067-1-300x199.jpg 300w, https:\/\/www.caririemacao.com\/1\/wp-content\/uploads\/2019\/12\/DSC_0067-1-768x509.jpg 768w, https:\/\/www.caririemacao.com\/1\/wp-content\/uploads\/2019\/12\/DSC_0067-1.jpg 1600w\" data-sizes=\"(max-width: 1024px) 100vw, 1024px\" src=\"data:image\/svg+xml;base64,PHN2ZyB3aWR0aD0iMSIgaGVpZ2h0PSIxIiB4bWxucz0iaHR0cDovL3d3dy53My5vcmcvMjAwMC9zdmciPjwvc3ZnPg==\" style=\"--smush-placeholder-width: 1024px; --smush-placeholder-aspect-ratio: 1024\/678;\" \/><\/figure>\n\n\n\n<p>O evento contou com a presen\u00e7a tamb\u00e9m do prefeito Jefferson Roberto, da vice-prefeita Lourdes Dantas, secret\u00e1rios municipais, dire\u00e7\u00e3o do educand\u00e1rio. <\/p>\n\n\n\n<figure class=\"wp-block-image\"><img decoding=\"async\" width=\"1024\" height=\"678\" data-src=\"http:\/\/www.caririemacao.com\/1\/wp-content\/uploads\/2019\/12\/DSC_0058-1024x678.jpg\" alt=\"\" class=\"wp-image-141312 lazyload\" data-srcset=\"https:\/\/www.caririemacao.com\/1\/wp-content\/uploads\/2019\/12\/DSC_0058-1024x678.jpg 1024w, https:\/\/www.caririemacao.com\/1\/wp-content\/uploads\/2019\/12\/DSC_0058-300x199.jpg 300w, https:\/\/www.caririemacao.com\/1\/wp-content\/uploads\/2019\/12\/DSC_0058-768x509.jpg 768w, https:\/\/www.caririemacao.com\/1\/wp-content\/uploads\/2019\/12\/DSC_0058.jpg 1600w\" data-sizes=\"(max-width: 1024px) 100vw, 1024px\" src=\"data:image\/svg+xml;base64,PHN2ZyB3aWR0aD0iMSIgaGVpZ2h0PSIxIiB4bWxucz0iaHR0cDovL3d3dy53My5vcmcvMjAwMC9zdmciPjwvc3ZnPg==\" style=\"--smush-placeholder-width: 1024px; --smush-placeholder-aspect-ratio: 1024\/678;\" \/><\/figure>\n\n\n\n<p>\u201cNossos agradecimentos a todos que prestigiaram este evento t\u00e3o grandioso onde a Escola Estadual Bartolomeu Maracaj\u00e1 foi uma das primeiras na regi\u00e3o a desenvolver este projeto, isso demonstra o seu comprometimento com a Educa\u00e7\u00e3o de qualidade\u201d, comentou Valter Holanda, diretor da escola.<\/p>\n\n\n\n<p><a href=\"https:\/\/www.facebook.com\/pg\/CaririEmAcao\/photos\/?tab=album&amp;album_id=1747335282069154\">VEJA TODAS AS FOTOS. CLIQUE AQUI.<\/a><\/p>\n","protected":false},"excerpt":{"rendered":"<p>A Escola Estadual Bartolomeu Maracaj\u00e1, de S\u00e3o Jos\u00e9 dos Cordeiros, no Cariri Paraibano, realizou nesta segunda 17\/12\/2019 a culmin\u00e2ncia do Projeto \u2018Estante M\u00e1gica\u2019, que foi\u00a0sucesso\u00a0absoluto,&hellip; <\/p>\n","protected":false},"author":2,"featured_media":141306,"comment_status":"closed","ping_status":"closed","sticky":false,"template":"","format":"standard","meta":{"sfsi_plus_gutenberg_text_before_share":"","sfsi_plus_gutenberg_show_text_before_share":"","sfsi_plus_gutenberg_icon_type":"","sfsi_plus_gutenberg_icon_alignemt":"","sfsi_plus_gutenburg_max_per_row":"","footnotes":""},"categories":[6,50],"tags":[],"class_list":["post-141305","post","type-post","status-publish","format-standard","has-post-thumbnail","hentry","category-cidades","category-destaque"],"_links":{"self":[{"href":"https:\/\/www.caririemacao.com\/1\/wp-json\/wp\/v2\/posts\/141305","targetHints":{"allow":["GET"]}}],"collection":[{"href":"https:\/\/www.caririemacao.com\/1\/wp-json\/wp\/v2\/posts"}],"about":[{"href":"https:\/\/www.caririemacao.com\/1\/wp-json\/wp\/v2\/types\/post"}],"author":[{"embeddable":true,"href":"https:\/\/www.caririemacao.com\/1\/wp-json\/wp\/v2\/users\/2"}],"replies":[{"embeddable":true,"href":"https:\/\/www.caririemacao.com\/1\/wp-json\/wp\/v2\/comments?post=141305"}],"version-history":[{"count":4,"href":"https:\/\/www.caririemacao.com\/1\/wp-json\/wp\/v2\/posts\/141305\/revisions"}],"predecessor-version":[{"id":141314,"href":"https:\/\/www.caririemacao.com\/1\/wp-json\/wp\/v2\/posts\/141305\/revisions\/141314"}],"wp:featuredmedia":[{"embeddable":true,"href":"https:\/\/www.caririemacao.com\/1\/wp-json\/wp\/v2\/media\/141306"}],"wp:attachment":[{"href":"https:\/\/www.caririemacao.com\/1\/wp-json\/wp\/v2\/media?parent=141305"}],"wp:term":[{"taxonomy":"category","embeddable":true,"href":"https:\/\/www.caririemacao.com\/1\/wp-json\/wp\/v2\/categories?post=141305"},{"taxonomy":"post_tag","embeddable":true,"href":"https:\/\/www.caririemacao.com\/1\/wp-json\/wp\/v2\/tags?post=141305"}],"curies":[{"name":"wp","href":"https:\/\/api.w.org\/{rel}","templated":true}]}}