{"id":141316,"date":"2019-12-17T13:38:52","date_gmt":"2019-12-17T16:38:52","guid":{"rendered":"http:\/\/www.caririemacao.com\/1\/?p=141316"},"modified":"2019-12-17T13:38:52","modified_gmt":"2019-12-17T16:38:52","slug":"proerd-realiza-formatura-de-141-criancas-do-ensino-fundamental-de-gurjao","status":"publish","type":"post","link":"https:\/\/www.caririemacao.com\/1\/2019\/12\/17\/proerd-realiza-formatura-de-141-criancas-do-ensino-fundamental-de-gurjao\/","title":{"rendered":"PROERD realiza formatura de 141 crian\u00e7as do ensino fundamental de Gurj\u00e3o"},"content":{"rendered":"\n<figure class=\"wp-block-image\"><img fetchpriority=\"high\" decoding=\"async\" width=\"1024\" height=\"768\" src=\"http:\/\/www.caririemacao.com\/1\/wp-content\/uploads\/2019\/12\/IMG-20191217-WA0024-1024x768.jpg\" alt=\"\" class=\"wp-image-141318\" srcset=\"https:\/\/www.caririemacao.com\/1\/wp-content\/uploads\/2019\/12\/IMG-20191217-WA0024-1024x768.jpg 1024w, https:\/\/www.caririemacao.com\/1\/wp-content\/uploads\/2019\/12\/IMG-20191217-WA0024-300x225.jpg 300w, https:\/\/www.caririemacao.com\/1\/wp-content\/uploads\/2019\/12\/IMG-20191217-WA0024-768x576.jpg 768w, https:\/\/www.caririemacao.com\/1\/wp-content\/uploads\/2019\/12\/IMG-20191217-WA0024.jpg 1280w\" sizes=\"(max-width: 1024px) 100vw, 1024px\" \/><\/figure>\n\n\n\n<p>A coordena\u00e7\u00e3o regional do Programa Educacional de Resist\u00eancia \u00e0s Drogas e \u00e0 Viol\u00eancia (Proerd) do 11\u00ba Batalh\u00e3o de Pol\u00edcia Militar da Para\u00edba, realizou a formatura de 141 crian\u00e7as do ensino fundamental 2019, no audit\u00f3rio In\u00e1cio Alves na cidade de Gurj\u00e3o. <\/p>\n\n\n\n<p>O evento contou com m\u00fasica, entrega de certificados e a presen\u00e7a do Le\u00e3o Dare, mascote do programa que faz a alegria da garotada.<\/p>\n\n\n\n<p>A regional 11 do Proerd, atendeu 17 escolas distribu\u00eddas na rede estadual, municipal e particular no cariri paraibano. Foram formados neste ano, 2190 alunos do ensino fundamental, entre os munic\u00edpios de Monteiro, Prata, Gurj\u00e3o, S\u00e3o Sebasti\u00e3o do Umbuzeiro e Zabel\u00ea.<\/p>\n\n\n\n<p>O programa \u00e9 um modelo de preven\u00e7\u00e3o adotado com efici\u00eancia por v\u00e1rias pol\u00edcias militares do pa\u00eds, ensinando as crian\u00e7as a dizerem n\u00e3o \u00e0s drogas e \u00e0 viol\u00eancia, com a presen\u00e7a do policial fardado em sala de aula, ministrando as atividades.<\/p>\n\n\n\n<p>Na formatura, os alunos prestaram o compromisso de resist\u00eancia \u00e0s drogas e \u00e0 viol\u00eancia, ato que celebra a grande parceria entre escola, Pol\u00edcia Militar e a Fam\u00edlia.<br> <\/p>\n","protected":false},"excerpt":{"rendered":"<p>A coordena\u00e7\u00e3o regional do Programa Educacional de Resist\u00eancia \u00e0s Drogas e \u00e0 Viol\u00eancia (Proerd) do 11\u00ba Batalh\u00e3o de Pol\u00edcia Militar da Para\u00edba, realizou a formatura&hellip; <\/p>\n","protected":false},"author":1,"featured_media":141319,"comment_status":"closed","ping_status":"closed","sticky":false,"template":"","format":"standard","meta":{"sfsi_plus_gutenberg_text_before_share":"","sfsi_plus_gutenberg_show_text_before_share":"","sfsi_plus_gutenberg_icon_type":"","sfsi_plus_gutenberg_icon_alignemt":"","sfsi_plus_gutenburg_max_per_row":"","footnotes":""},"categories":[50,2],"tags":[],"class_list":["post-141316","post","type-post","status-publish","format-standard","has-post-thumbnail","hentry","category-destaque","category-geral"],"_links":{"self":[{"href":"https:\/\/www.caririemacao.com\/1\/wp-json\/wp\/v2\/posts\/141316","targetHints":{"allow":["GET"]}}],"collection":[{"href":"https:\/\/www.caririemacao.com\/1\/wp-json\/wp\/v2\/posts"}],"about":[{"href":"https:\/\/www.caririemacao.com\/1\/wp-json\/wp\/v2\/types\/post"}],"author":[{"embeddable":true,"href":"https:\/\/www.caririemacao.com\/1\/wp-json\/wp\/v2\/users\/1"}],"replies":[{"embeddable":true,"href":"https:\/\/www.caririemacao.com\/1\/wp-json\/wp\/v2\/comments?post=141316"}],"version-history":[{"count":1,"href":"https:\/\/www.caririemacao.com\/1\/wp-json\/wp\/v2\/posts\/141316\/revisions"}],"predecessor-version":[{"id":141320,"href":"https:\/\/www.caririemacao.com\/1\/wp-json\/wp\/v2\/posts\/141316\/revisions\/141320"}],"wp:featuredmedia":[{"embeddable":true,"href":"https:\/\/www.caririemacao.com\/1\/wp-json\/wp\/v2\/media\/141319"}],"wp:attachment":[{"href":"https:\/\/www.caririemacao.com\/1\/wp-json\/wp\/v2\/media?parent=141316"}],"wp:term":[{"taxonomy":"category","embeddable":true,"href":"https:\/\/www.caririemacao.com\/1\/wp-json\/wp\/v2\/categories?post=141316"},{"taxonomy":"post_tag","embeddable":true,"href":"https:\/\/www.caririemacao.com\/1\/wp-json\/wp\/v2\/tags?post=141316"}],"curies":[{"name":"wp","href":"https:\/\/api.w.org\/{rel}","templated":true}]}}