{"id":141324,"date":"2019-12-17T13:43:31","date_gmt":"2019-12-17T16:43:31","guid":{"rendered":"http:\/\/www.caririemacao.com\/1\/?p=141324"},"modified":"2019-12-17T13:43:31","modified_gmt":"2019-12-17T16:43:31","slug":"ricardor-coutinho-emite-nota-sobre-pedido-de-prisao","status":"publish","type":"post","link":"https:\/\/www.caririemacao.com\/1\/2019\/12\/17\/ricardor-coutinho-emite-nota-sobre-pedido-de-prisao\/","title":{"rendered":"Ricardor Coutinho emite nota sobre pedido de pris\u00e3o"},"content":{"rendered":"\n<p>O ex-governador Ricardo Coutinho (PSB) se posicionou, por meio de uma nota, sobre o mandado de pris\u00e3o preventivo decretado nesta ter\u00e7a-feira (17) no \u00e2mbito da Opera\u00e7\u00e3o Calv\u00e1rio.<\/p>\n\n\n\n<p>Coutinho contestou a medida e disse que vai antecipar o retorno ao Brasil, j\u00e1 que est\u00e1 de f\u00e9rias na Europa, para se colocar \u00e0 disposi\u00e7\u00e3o da Justi\u00e7a.<\/p>\n\n\n\n<p><strong>Confira a nota:<\/strong><\/p>\n\n\n\n<p><em>Fui surpreendido com decis\u00e3o judicial decretando minha pris\u00e3o preventiva em meio a uma acusa\u00e7\u00e3o gen\u00e9rica de que eu faria parte de uma suposta organiza\u00e7\u00e3o criminosa.<\/em><\/p>\n\n\n\n<p><em>Com a maior serenidade digo ao povo paraibano que contribuirei com a justi\u00e7a para provar minha total inoc\u00eancia. Sempre estive \u00e0 disposi\u00e7\u00e3o dos \u00f3rg\u00e3os de investiga\u00e7\u00e3o e nunca criei obst\u00e1culos a qualquer tipo de apura\u00e7\u00e3o.<\/em><\/p>\n\n\n\n<p><em>Acrescento que jamais seria poss\u00edvel um Estado ser governado por uma associa\u00e7\u00e3o criminosa e ter vivenciado os investimentos e avan\u00e7os nas obras e pol\u00edticas sociais nunca antes registrados.<\/em><\/p>\n\n\n\n<p><em>Lamento que a Para\u00edba esteja presenciando o seu maior per\u00edodo de desenvolvimento e eleva\u00e7\u00e3o da autoestima ser totalmente criminalizado.<\/em><\/p>\n\n\n\n<p><em>Estou em viagem de f\u00e9rias previamente programada, mas estarei antecipando meu retorno para me colocar \u00e0 inteira disposi\u00e7\u00e3o da justi\u00e7a brasileira para que possa lutar e provar minha inoc\u00eancia.<\/em><\/p>\n\n\n\n<p><strong>MaisPB<\/strong><\/p>\n","protected":false},"excerpt":{"rendered":"<p>O ex-governador Ricardo Coutinho (PSB) se posicionou, por meio de uma nota, sobre o mandado de pris\u00e3o preventivo decretado nesta ter\u00e7a-feira (17) no \u00e2mbito da&hellip; <\/p>\n","protected":false},"author":1,"featured_media":41020,"comment_status":"closed","ping_status":"closed","sticky":false,"template":"","format":"standard","meta":{"sfsi_plus_gutenberg_text_before_share":"","sfsi_plus_gutenberg_show_text_before_share":"","sfsi_plus_gutenberg_icon_type":"","sfsi_plus_gutenberg_icon_alignemt":"","sfsi_plus_gutenburg_max_per_row":"","footnotes":""},"categories":[11],"tags":[],"class_list":["post-141324","post","type-post","status-publish","format-standard","has-post-thumbnail","hentry","category-politica"],"_links":{"self":[{"href":"https:\/\/www.caririemacao.com\/1\/wp-json\/wp\/v2\/posts\/141324","targetHints":{"allow":["GET"]}}],"collection":[{"href":"https:\/\/www.caririemacao.com\/1\/wp-json\/wp\/v2\/posts"}],"about":[{"href":"https:\/\/www.caririemacao.com\/1\/wp-json\/wp\/v2\/types\/post"}],"author":[{"embeddable":true,"href":"https:\/\/www.caririemacao.com\/1\/wp-json\/wp\/v2\/users\/1"}],"replies":[{"embeddable":true,"href":"https:\/\/www.caririemacao.com\/1\/wp-json\/wp\/v2\/comments?post=141324"}],"version-history":[{"count":1,"href":"https:\/\/www.caririemacao.com\/1\/wp-json\/wp\/v2\/posts\/141324\/revisions"}],"predecessor-version":[{"id":141326,"href":"https:\/\/www.caririemacao.com\/1\/wp-json\/wp\/v2\/posts\/141324\/revisions\/141326"}],"wp:featuredmedia":[{"embeddable":true,"href":"https:\/\/www.caririemacao.com\/1\/wp-json\/wp\/v2\/media\/41020"}],"wp:attachment":[{"href":"https:\/\/www.caririemacao.com\/1\/wp-json\/wp\/v2\/media?parent=141324"}],"wp:term":[{"taxonomy":"category","embeddable":true,"href":"https:\/\/www.caririemacao.com\/1\/wp-json\/wp\/v2\/categories?post=141324"},{"taxonomy":"post_tag","embeddable":true,"href":"https:\/\/www.caririemacao.com\/1\/wp-json\/wp\/v2\/tags?post=141324"}],"curies":[{"name":"wp","href":"https:\/\/api.w.org\/{rel}","templated":true}]}}