{"id":141327,"date":"2019-12-17T13:56:18","date_gmt":"2019-12-17T16:56:18","guid":{"rendered":"http:\/\/www.caririemacao.com\/1\/?p=141327"},"modified":"2019-12-17T13:56:18","modified_gmt":"2019-12-17T16:56:18","slug":"alpb-prioriza-deliberacao-sobre-prisao-de-deputada-e-adia-votacao-de-reforma","status":"publish","type":"post","link":"https:\/\/www.caririemacao.com\/1\/2019\/12\/17\/alpb-prioriza-deliberacao-sobre-prisao-de-deputada-e-adia-votacao-de-reforma\/","title":{"rendered":"ALPB prioriza delibera\u00e7\u00e3o sobre pris\u00e3o de deputada e adia vota\u00e7\u00e3o de reforma"},"content":{"rendered":"\n<p><br>N\u00e3o houve sess\u00e3o na Assembleia Legislativa da Para\u00edba nesta ter\u00e7a-feira (17), quando seria votada a reforma da Previd\u00eancia do Estado, mas por conta da Opera\u00e7\u00e3o Calv\u00e1rio, as&nbsp;<a href=\"https:\/\/paraibaonline.com.br\/2019\/12\/sessao-da-alpb-e-cancelada-nesta-terca-por-conta-da-operacao-calvario\/\">atividades legislativas ficaram suspensas<\/a>.<\/p>\n\n\n\n<figure class=\"wp-block-image\"><img decoding=\"async\" data-src=\"https:\/\/paraibaonline.com.br\/wp-content\/uploads\/2019\/12\/prisao-estela1712c.jpg\" alt=\"Foto: Paraibaonline\" class=\"wp-image-825628 lazyload\" src=\"data:image\/svg+xml;base64,PHN2ZyB3aWR0aD0iMSIgaGVpZ2h0PSIxIiB4bWxucz0iaHR0cDovL3d3dy53My5vcmcvMjAwMC9zdmciPjwvc3ZnPg==\" \/><\/figure>\n\n\n\n<p>Foto: Paraibaonline<\/p>\n\n\n\n<p>Os deputados estiveram reunidos a portas fechadas durante toda a manh\u00e3. A prioridade era deliberar sobre a situa\u00e7\u00e3o da deputada Estela Bezerra (PSB), que teve um mandado de pris\u00e3o preventiva contra ela nesta s\u00e9tima fase da opera\u00e7\u00e3o.<\/p>\n\n\n\n<p>Conforme o l\u00edder da oposi\u00e7\u00e3o, deputado Raniery Paulino (MDB), a Assembleia Legislativa estar\u00e1 de plant\u00e3o durante todo o dia de hoje, para receber a notifica\u00e7\u00e3o da Justi\u00e7a sobre a pris\u00e3o da deputada socialista. O deputado foi o \u00fanico a falar com a imprensa, ap\u00f3s a reuni\u00e3o com todos os deputados.<\/p>\n\n\n\n<figure class=\"wp-block-image\"><img decoding=\"async\" data-src=\"https:\/\/paraibaonline.com.br\/wp-content\/uploads\/2019\/12\/raniery1712.jpg\" alt=\"Foto: Paraibaonline\" class=\"wp-image-825629 lazyload\" src=\"data:image\/svg+xml;base64,PHN2ZyB3aWR0aD0iMSIgaGVpZ2h0PSIxIiB4bWxucz0iaHR0cDovL3d3dy53My5vcmcvMjAwMC9zdmciPjwvc3ZnPg==\" \/><\/figure>\n\n\n\n<p>Foto: Paraibaonline<\/p>\n\n\n\n<p>\u201cUma vez chegando o comunicado, o presidente da Casa junto com a Mesa Diretora far\u00e1 a convoca\u00e7\u00e3o para os parlamentares deliberarem sobre a pris\u00e3o da deputada\u201d, explicou.<\/p>\n\n\n\n<p>Ele disse ainda que o Parlamento est\u00e1 aguardando as fundamenta\u00e7\u00f5es jur\u00eddicas e a vota\u00e7\u00e3o vai depender do ju\u00edzo de valor de cada deputado.<\/p>\n\n\n\n<p>O l\u00edder disse ainda que n\u00e3o houve nenhum apelo da presid\u00eancia para votar sim ou n\u00e3o, mas para que todos compreendessem a urg\u00eancia do caso e deliberassem. \u201cE isso ser\u00e1 feito a qualquer momento. N\u00f3s est\u00e1vamos mobilizados para votar sobre a reforma da Previd\u00eancia, que ficar\u00e1 para um outro momento\u201d, ressaltou.<\/p>\n\n\n\n<p>Como a bancada de oposi\u00e7\u00e3o vai votar, o l\u00edder explicou que haver\u00e1 ainda uma reuni\u00e3o com todos para tomarem uma posi\u00e7\u00e3o em conjunto. \u201cMas o que eu tenho defendido \u00e9 que teremos uma fun\u00e7\u00e3o t\u00edpica de julgar, e de julgar de acordo com nossas consci\u00eancias. Eu vou pessoalmente ler o processo contra Estela e ap\u00f3s essa leitura, formarei o meu ju\u00edzo de valor e assim n\u00f3s combinamos de ter essa metodologia entre n\u00f3s da oposi\u00e7\u00e3o\u201d, completou.<\/p>\n\n\n\n<figure class=\"wp-block-image\"><img decoding=\"async\" data-src=\"https:\/\/paraibaonline.com.br\/wp-content\/uploads\/2019\/12\/prisao-estela1712a.jpg\" alt=\"Foto: Paraibaonline\" class=\"wp-image-825626 lazyload\" src=\"data:image\/svg+xml;base64,PHN2ZyB3aWR0aD0iMSIgaGVpZ2h0PSIxIiB4bWxucz0iaHR0cDovL3d3dy53My5vcmcvMjAwMC9zdmciPjwvc3ZnPg==\" \/><\/figure>\n\n\n\n<p>Foto: Paraibaonline<\/p>\n\n\n\n<p>Contudo, o pr\u00e9dio da Assembleia Legislativa esteve toda a manh\u00e3 cercado por um aparato da Pol\u00edcia Militar, e a imprensa s\u00f3 pode entrar ap\u00f3s receber uma pulseira de identifica\u00e7\u00e3o. Ningu\u00e9m pode entrar al\u00e9m dos rep\u00f3rteres e os servidores da Casa.<\/p>\n\n\n\n<figure class=\"wp-block-image\"><img decoding=\"async\" data-src=\"https:\/\/paraibaonline.com.br\/wp-content\/uploads\/2019\/12\/prisao-estela1712b.jpg\" alt=\"Foto: Paraibaonline\" class=\"wp-image-825627 lazyload\" src=\"data:image\/svg+xml;base64,PHN2ZyB3aWR0aD0iMSIgaGVpZ2h0PSIxIiB4bWxucz0iaHR0cDovL3d3dy53My5vcmcvMjAwMC9zdmciPjwvc3ZnPg==\" \/><\/figure>\n\n\n\n<p>Foto: Paraibaonline<\/p>\n","protected":false},"excerpt":{"rendered":"<p>N\u00e3o houve sess\u00e3o na Assembleia Legislativa da Para\u00edba nesta ter\u00e7a-feira (17), quando seria votada a reforma da Previd\u00eancia do Estado, mas por conta da Opera\u00e7\u00e3o&hellip; <\/p>\n","protected":false},"author":1,"featured_media":141329,"comment_status":"closed","ping_status":"closed","sticky":false,"template":"","format":"standard","meta":{"sfsi_plus_gutenberg_text_before_share":"","sfsi_plus_gutenberg_show_text_before_share":"","sfsi_plus_gutenberg_icon_type":"","sfsi_plus_gutenberg_icon_alignemt":"","sfsi_plus_gutenburg_max_per_row":"","footnotes":""},"categories":[11],"tags":[],"class_list":["post-141327","post","type-post","status-publish","format-standard","has-post-thumbnail","hentry","category-politica"],"_links":{"self":[{"href":"https:\/\/www.caririemacao.com\/1\/wp-json\/wp\/v2\/posts\/141327","targetHints":{"allow":["GET"]}}],"collection":[{"href":"https:\/\/www.caririemacao.com\/1\/wp-json\/wp\/v2\/posts"}],"about":[{"href":"https:\/\/www.caririemacao.com\/1\/wp-json\/wp\/v2\/types\/post"}],"author":[{"embeddable":true,"href":"https:\/\/www.caririemacao.com\/1\/wp-json\/wp\/v2\/users\/1"}],"replies":[{"embeddable":true,"href":"https:\/\/www.caririemacao.com\/1\/wp-json\/wp\/v2\/comments?post=141327"}],"version-history":[{"count":1,"href":"https:\/\/www.caririemacao.com\/1\/wp-json\/wp\/v2\/posts\/141327\/revisions"}],"predecessor-version":[{"id":141330,"href":"https:\/\/www.caririemacao.com\/1\/wp-json\/wp\/v2\/posts\/141327\/revisions\/141330"}],"wp:featuredmedia":[{"embeddable":true,"href":"https:\/\/www.caririemacao.com\/1\/wp-json\/wp\/v2\/media\/141329"}],"wp:attachment":[{"href":"https:\/\/www.caririemacao.com\/1\/wp-json\/wp\/v2\/media?parent=141327"}],"wp:term":[{"taxonomy":"category","embeddable":true,"href":"https:\/\/www.caririemacao.com\/1\/wp-json\/wp\/v2\/categories?post=141327"},{"taxonomy":"post_tag","embeddable":true,"href":"https:\/\/www.caririemacao.com\/1\/wp-json\/wp\/v2\/tags?post=141327"}],"curies":[{"name":"wp","href":"https:\/\/api.w.org\/{rel}","templated":true}]}}