{"id":141333,"date":"2019-12-17T13:58:49","date_gmt":"2019-12-17T16:58:49","guid":{"rendered":"http:\/\/www.caririemacao.com\/1\/?p=141333"},"modified":"2019-12-17T13:58:49","modified_gmt":"2019-12-17T16:58:49","slug":"em-nota-pt-repudia-espetacularizacao-politica-e-midiatica-em-torno-da-calvario","status":"publish","type":"post","link":"https:\/\/www.caririemacao.com\/1\/2019\/12\/17\/em-nota-pt-repudia-espetacularizacao-politica-e-midiatica-em-torno-da-calvario\/","title":{"rendered":"Em nota, PT repudia \u201cespetaculariza\u00e7\u00e3o pol\u00edtica e midi\u00e1tica\u201d em torno da \u2018Calv\u00e1rio\u2019"},"content":{"rendered":"\n<p>O Partido dos Trabalhadores emitiu uma nota na tarde desta ter\u00e7a-feira, 17, sobre a deflagra\u00e7\u00e3o da\u00a0s\u00e9tima fase da Opera\u00e7\u00e3o Calv\u00e1rio, denominada de \u2018Ju\u00edzo Final\u2019.<\/p>\n\n\n\n<p>A nota critica a \u201c<em>espetaculariza\u00e7\u00e3o pol\u00edtica e midi\u00e1tica\u201d\u00a0<\/em>em torno da Calv\u00e1rio e o do\u00a0mandado de pris\u00e3o preventiva contra o ex-governador Ricardo Coutinho (PSB).<\/p>\n\n\n\n<p>A opera\u00e7\u00e3o est\u00e1 cumprindo 54 mandados de busca e apreens\u00e3o e 17 mandados de pris\u00e3o preventiva, nos estados da Para\u00edba, Rio Grande do Norte, Goi\u00e2nia, Rio de Janeiro e Paran\u00e1.<\/p>\n\n\n\n<p><strong>Leia a nota na \u00edntegra:<\/strong><\/p>\n\n\n\n<p><em>O Partido dos Trabalhadores repudia a espetaculariza\u00e7\u00e3o pol\u00edtica e midi\u00e1tica em torno das investiga\u00e7\u00f5es e da decis\u00e3o judicial desta ter\u00e7a (17\/12) envolvendo o ex-governador da Para\u00edba Ricardo Coutinho (PSB) e diversas pessoas ligadas a seus dois mandatos.<\/em><\/p>\n\n\n\n<p><em>Uma investiga\u00e7\u00e3o que deveria se revestir de sobriedade e objetividade foi mais transformada em prejulgamento na m\u00eddia, apesar da fragilidade t\u00e9cnica e jur\u00eddica da medida cautelar que decretou as pris\u00f5es.<\/em><\/p>\n\n\n\n<p><em>Causa espanto, por exemplo, a ordem de inclus\u00e3o do nome de Coutinho na lista de alertas da Interpol, ato que n\u00e3o encontra qualquer justificativa na conduta do ex-governador.<\/em><\/p>\n\n\n\n<p><em>\u00c9 igualmente estranho o fato de a Rede Globo ter sido informada com anteced\u00eancia e, em raz\u00e3o disto, ter transformado a opera\u00e7\u00e3o policial em um espet\u00e1culo sensacionalista. Como tem sido praxe em casos que envolvem lideran\u00e7as do campo popular, a acusa\u00e7\u00e3o comanda a not\u00edcia sem que a defesa tenha direito equivalente.<\/em><\/p>\n\n\n\n<p><em>O Estado de Direito precisa ser respeitado e o direito \u00e0 ampla defesa n\u00e3o pode ser violado por pr\u00e1ticas t\u00edpicas do lawfare.<\/em><\/p>\n\n\n\n<p><em>Bras\u00edlia, 17 de dezembro de 2019.<\/em><\/p>\n\n\n\n<p><em>Gleisi Hoffmann<\/em><br><em>Presidenta do Partido dos Trabalhadores<\/em><\/p>\n\n\n\n<p><em>Paulo Pimenta<\/em><br><em>L\u00edder do PT na C\u00e2mara<\/em><\/p>\n\n\n\n<p><em>Humberto Costa<\/em><br><em>L\u00edder do PT no Senado<\/em><\/p>\n\n\n\n<p><em>Jackson Macedo<\/em><br><em>Presidente do PT da Para\u00edba<\/em><\/p>\n","protected":false},"excerpt":{"rendered":"<p>O Partido dos Trabalhadores emitiu uma nota na tarde desta ter\u00e7a-feira, 17, sobre a deflagra\u00e7\u00e3o da\u00a0s\u00e9tima fase da Opera\u00e7\u00e3o Calv\u00e1rio, denominada de \u2018Ju\u00edzo Final\u2019. A&hellip; <\/p>\n","protected":false},"author":1,"featured_media":21148,"comment_status":"closed","ping_status":"closed","sticky":false,"template":"","format":"standard","meta":{"sfsi_plus_gutenberg_text_before_share":"","sfsi_plus_gutenberg_show_text_before_share":"","sfsi_plus_gutenberg_icon_type":"","sfsi_plus_gutenberg_icon_alignemt":"","sfsi_plus_gutenburg_max_per_row":"","footnotes":""},"categories":[11],"tags":[],"class_list":["post-141333","post","type-post","status-publish","format-standard","has-post-thumbnail","hentry","category-politica"],"_links":{"self":[{"href":"https:\/\/www.caririemacao.com\/1\/wp-json\/wp\/v2\/posts\/141333","targetHints":{"allow":["GET"]}}],"collection":[{"href":"https:\/\/www.caririemacao.com\/1\/wp-json\/wp\/v2\/posts"}],"about":[{"href":"https:\/\/www.caririemacao.com\/1\/wp-json\/wp\/v2\/types\/post"}],"author":[{"embeddable":true,"href":"https:\/\/www.caririemacao.com\/1\/wp-json\/wp\/v2\/users\/1"}],"replies":[{"embeddable":true,"href":"https:\/\/www.caririemacao.com\/1\/wp-json\/wp\/v2\/comments?post=141333"}],"version-history":[{"count":1,"href":"https:\/\/www.caririemacao.com\/1\/wp-json\/wp\/v2\/posts\/141333\/revisions"}],"predecessor-version":[{"id":141335,"href":"https:\/\/www.caririemacao.com\/1\/wp-json\/wp\/v2\/posts\/141333\/revisions\/141335"}],"wp:featuredmedia":[{"embeddable":true,"href":"https:\/\/www.caririemacao.com\/1\/wp-json\/wp\/v2\/media\/21148"}],"wp:attachment":[{"href":"https:\/\/www.caririemacao.com\/1\/wp-json\/wp\/v2\/media?parent=141333"}],"wp:term":[{"taxonomy":"category","embeddable":true,"href":"https:\/\/www.caririemacao.com\/1\/wp-json\/wp\/v2\/categories?post=141333"},{"taxonomy":"post_tag","embeddable":true,"href":"https:\/\/www.caririemacao.com\/1\/wp-json\/wp\/v2\/tags?post=141333"}],"curies":[{"name":"wp","href":"https:\/\/api.w.org\/{rel}","templated":true}]}}