{"id":141342,"date":"2019-12-17T14:08:53","date_gmt":"2019-12-17T17:08:53","guid":{"rendered":"http:\/\/www.caririemacao.com\/1\/?p=141342"},"modified":"2019-12-17T14:08:53","modified_gmt":"2019-12-17T17:08:53","slug":"tres-conselheiros-do-tce-pb-sao-alvos-da-operacao-calvario","status":"publish","type":"post","link":"https:\/\/www.caririemacao.com\/1\/2019\/12\/17\/tres-conselheiros-do-tce-pb-sao-alvos-da-operacao-calvario\/","title":{"rendered":"Tr\u00eas conselheiros do TCE-PB s\u00e3o alvos da Opera\u00e7\u00e3o Calv\u00e1rio"},"content":{"rendered":"\n<p>A s\u00e9tima fase da Opera\u00e7\u00e3o Calv\u00e1rio, da Pol\u00edcia Federal, mirou em tr\u00eas conselheiros do Tribunal de Contas do Estado da Para\u00edba. Os ex-presidentes do TCE-PB, Andr\u00e9 Carlo Torre Pontes, Nominando Diniz e Arthur Cunha Lima, foram alvos de mandados de busca e apreens\u00e3o na a\u00e7\u00e3o deflagrada nesta ter\u00e7a-feira (17).<\/p>\n\n\n\n<p>Os policiais federais estiveram nos endere\u00e7os dos tr\u00eas conselheiros para o cumprimento dos mandados de busca e apreens\u00e3o.<\/p>\n\n\n\n<p>A Opera\u00e7\u00e3o Calv\u00e1rio investiga desvio de recursos p\u00fablicos da Sa\u00fade do Estado da Para\u00edba.<\/p>\n\n\n\n<p>O TCE-PB informou que s\u00f3 vai se manifestar na sess\u00e3o da manh\u00e3 desta quarta-feira (18). O Tribunal declarou tamb\u00e9m que todos os conselheiros citados ter\u00e3o a oportunidade de se pronunciar sobre o caso.<\/p>\n","protected":false},"excerpt":{"rendered":"<p>A s\u00e9tima fase da Opera\u00e7\u00e3o Calv\u00e1rio, da Pol\u00edcia Federal, mirou em tr\u00eas conselheiros do Tribunal de Contas do Estado da Para\u00edba. Os ex-presidentes do TCE-PB,&hellip; <\/p>\n","protected":false},"author":1,"featured_media":125789,"comment_status":"closed","ping_status":"closed","sticky":false,"template":"","format":"standard","meta":{"sfsi_plus_gutenberg_text_before_share":"","sfsi_plus_gutenberg_show_text_before_share":"","sfsi_plus_gutenberg_icon_type":"","sfsi_plus_gutenberg_icon_alignemt":"","sfsi_plus_gutenburg_max_per_row":"","footnotes":""},"categories":[11],"tags":[],"class_list":["post-141342","post","type-post","status-publish","format-standard","has-post-thumbnail","hentry","category-politica"],"_links":{"self":[{"href":"https:\/\/www.caririemacao.com\/1\/wp-json\/wp\/v2\/posts\/141342","targetHints":{"allow":["GET"]}}],"collection":[{"href":"https:\/\/www.caririemacao.com\/1\/wp-json\/wp\/v2\/posts"}],"about":[{"href":"https:\/\/www.caririemacao.com\/1\/wp-json\/wp\/v2\/types\/post"}],"author":[{"embeddable":true,"href":"https:\/\/www.caririemacao.com\/1\/wp-json\/wp\/v2\/users\/1"}],"replies":[{"embeddable":true,"href":"https:\/\/www.caririemacao.com\/1\/wp-json\/wp\/v2\/comments?post=141342"}],"version-history":[{"count":1,"href":"https:\/\/www.caririemacao.com\/1\/wp-json\/wp\/v2\/posts\/141342\/revisions"}],"predecessor-version":[{"id":141344,"href":"https:\/\/www.caririemacao.com\/1\/wp-json\/wp\/v2\/posts\/141342\/revisions\/141344"}],"wp:featuredmedia":[{"embeddable":true,"href":"https:\/\/www.caririemacao.com\/1\/wp-json\/wp\/v2\/media\/125789"}],"wp:attachment":[{"href":"https:\/\/www.caririemacao.com\/1\/wp-json\/wp\/v2\/media?parent=141342"}],"wp:term":[{"taxonomy":"category","embeddable":true,"href":"https:\/\/www.caririemacao.com\/1\/wp-json\/wp\/v2\/categories?post=141342"},{"taxonomy":"post_tag","embeddable":true,"href":"https:\/\/www.caririemacao.com\/1\/wp-json\/wp\/v2\/tags?post=141342"}],"curies":[{"name":"wp","href":"https:\/\/api.w.org\/{rel}","templated":true}]}}