{"id":141348,"date":"2019-12-17T14:10:27","date_gmt":"2019-12-17T17:10:27","guid":{"rendered":"http:\/\/www.caririemacao.com\/1\/?p=141348"},"modified":"2019-12-17T14:10:27","modified_gmt":"2019-12-17T17:10:27","slug":"pib-cresce-07-no-trimestre-encerrado-em-outubro","status":"publish","type":"post","link":"https:\/\/www.caririemacao.com\/1\/2019\/12\/17\/pib-cresce-07-no-trimestre-encerrado-em-outubro\/","title":{"rendered":"PIB cresce 0,7% no trimestre encerrado em outubro"},"content":{"rendered":"\n<p>O Produto Interno Bruto (PIB), a soma de todos os bens e servi\u00e7os produzidos no pa\u00eds, teve crescimento de 0,7% no trimestre encerrado em outubro deste ano, na compara\u00e7\u00e3o com o trimestre finalizado em julho. A informa\u00e7\u00e3o \u00e9 do Monitor do PIB, divulgado hoje (17), no Rio de Janeiro, pela Funda\u00e7\u00e3o Getulio Vargas (FGV).<\/p>\n\n\n\n<p>Na compara\u00e7\u00e3o com o trimestre que acabou em outubro do ano passado, o PIB teve crescimento de 1,4%. Analisando-se apenas outubro deste ano, o PIB teve altas de 0,1% em rela\u00e7\u00e3o a setembro deste ano e de 2% na compara\u00e7\u00e3o com outubro de 2018. Em 12 meses, o crescimento acumulado do PIB chega a 1%.<\/p>\n\n\n\n<p>No compara\u00e7\u00e3o do trimestre encerrado em outubro com o trimestre fechado em julho, os tr\u00eas grandes setores produtivos tiveram alta: ind\u00fastria (0,9%), servi\u00e7os (0,5%) e agropecu\u00e1ria (0,4%).<\/p>\n","protected":false},"excerpt":{"rendered":"<p>O Produto Interno Bruto (PIB), a soma de todos os bens e servi\u00e7os produzidos no pa\u00eds, teve crescimento de 0,7% no trimestre encerrado em outubro&hellip; <\/p>\n","protected":false},"author":1,"featured_media":25926,"comment_status":"closed","ping_status":"closed","sticky":false,"template":"","format":"standard","meta":{"sfsi_plus_gutenberg_text_before_share":"","sfsi_plus_gutenberg_show_text_before_share":"","sfsi_plus_gutenberg_icon_type":"","sfsi_plus_gutenberg_icon_alignemt":"","sfsi_plus_gutenburg_max_per_row":"","footnotes":""},"categories":[11],"tags":[],"class_list":["post-141348","post","type-post","status-publish","format-standard","has-post-thumbnail","hentry","category-politica"],"_links":{"self":[{"href":"https:\/\/www.caririemacao.com\/1\/wp-json\/wp\/v2\/posts\/141348","targetHints":{"allow":["GET"]}}],"collection":[{"href":"https:\/\/www.caririemacao.com\/1\/wp-json\/wp\/v2\/posts"}],"about":[{"href":"https:\/\/www.caririemacao.com\/1\/wp-json\/wp\/v2\/types\/post"}],"author":[{"embeddable":true,"href":"https:\/\/www.caririemacao.com\/1\/wp-json\/wp\/v2\/users\/1"}],"replies":[{"embeddable":true,"href":"https:\/\/www.caririemacao.com\/1\/wp-json\/wp\/v2\/comments?post=141348"}],"version-history":[{"count":1,"href":"https:\/\/www.caririemacao.com\/1\/wp-json\/wp\/v2\/posts\/141348\/revisions"}],"predecessor-version":[{"id":141349,"href":"https:\/\/www.caririemacao.com\/1\/wp-json\/wp\/v2\/posts\/141348\/revisions\/141349"}],"wp:featuredmedia":[{"embeddable":true,"href":"https:\/\/www.caririemacao.com\/1\/wp-json\/wp\/v2\/media\/25926"}],"wp:attachment":[{"href":"https:\/\/www.caririemacao.com\/1\/wp-json\/wp\/v2\/media?parent=141348"}],"wp:term":[{"taxonomy":"category","embeddable":true,"href":"https:\/\/www.caririemacao.com\/1\/wp-json\/wp\/v2\/categories?post=141348"},{"taxonomy":"post_tag","embeddable":true,"href":"https:\/\/www.caririemacao.com\/1\/wp-json\/wp\/v2\/tags?post=141348"}],"curies":[{"name":"wp","href":"https:\/\/api.w.org\/{rel}","templated":true}]}}