{"id":141356,"date":"2019-12-17T14:15:35","date_gmt":"2019-12-17T17:15:35","guid":{"rendered":"http:\/\/www.caririemacao.com\/1\/?p=141356"},"modified":"2019-12-17T14:15:35","modified_gmt":"2019-12-17T17:15:35","slug":"carlos-siqueira-reitera-confianca-em-ricardo-coutinho-e-espera-apuracao-isenta-e-justa","status":"publish","type":"post","link":"https:\/\/www.caririemacao.com\/1\/2019\/12\/17\/carlos-siqueira-reitera-confianca-em-ricardo-coutinho-e-espera-apuracao-isenta-e-justa\/","title":{"rendered":"Carlos Siqueira reitera confian\u00e7a em Ricardo Coutinho e espera apura\u00e7\u00e3o isenta e justa"},"content":{"rendered":"\n<p>O Diret\u00f3rio Nacional do PSB, atrav\u00e9s do presidente Carlos Siqueira, divulgou uma nota na tarde desta ter\u00e7a-feira (17) se manifestando com rela\u00e7\u00e3o o pedido de pris\u00e3o do ex-governador e presidente da Funda\u00e7\u00e3o Jo\u00e3o Mangabeira, Ricardo Coutinho. A a\u00e7\u00e3o em desfavor do socialista paraibano acontece no \u00e2mbito da 7\u00aa fase da Opera\u00e7\u00e3o Calv\u00e1rio, chamada Ju\u00edzo Final, que foi deflagrada nesta manh\u00e3.<\/p>\n\n\n\n<p>O PSB reafirma, como sempre, seu total apoio \u00e0 apura\u00e7\u00e3o dos fatos, respeitados o devido processo legal e o amplo direito de defesa.<\/p>\n\n\n\n<p>\u201cO PSB reitera sua confian\u00e7a na conduta do ex-governador Ricardo Coutinho e dos demais investigados e investigadas, na certeza de que uma apura\u00e7\u00e3o isenta e justa resultar\u00e1 no pleno esclarecimento das den\u00fancias\u201d, versa trecho da nota.<\/p>\n","protected":false},"excerpt":{"rendered":"<p>O Diret\u00f3rio Nacional do PSB, atrav\u00e9s do presidente Carlos Siqueira, divulgou uma nota na tarde desta ter\u00e7a-feira (17) se manifestando com rela\u00e7\u00e3o o pedido de&hellip; <\/p>\n","protected":false},"author":1,"featured_media":141187,"comment_status":"closed","ping_status":"closed","sticky":false,"template":"","format":"standard","meta":{"sfsi_plus_gutenberg_text_before_share":"","sfsi_plus_gutenberg_show_text_before_share":"","sfsi_plus_gutenberg_icon_type":"","sfsi_plus_gutenberg_icon_alignemt":"","sfsi_plus_gutenburg_max_per_row":"","footnotes":""},"categories":[11],"tags":[],"class_list":["post-141356","post","type-post","status-publish","format-standard","has-post-thumbnail","hentry","category-politica"],"_links":{"self":[{"href":"https:\/\/www.caririemacao.com\/1\/wp-json\/wp\/v2\/posts\/141356","targetHints":{"allow":["GET"]}}],"collection":[{"href":"https:\/\/www.caririemacao.com\/1\/wp-json\/wp\/v2\/posts"}],"about":[{"href":"https:\/\/www.caririemacao.com\/1\/wp-json\/wp\/v2\/types\/post"}],"author":[{"embeddable":true,"href":"https:\/\/www.caririemacao.com\/1\/wp-json\/wp\/v2\/users\/1"}],"replies":[{"embeddable":true,"href":"https:\/\/www.caririemacao.com\/1\/wp-json\/wp\/v2\/comments?post=141356"}],"version-history":[{"count":1,"href":"https:\/\/www.caririemacao.com\/1\/wp-json\/wp\/v2\/posts\/141356\/revisions"}],"predecessor-version":[{"id":141357,"href":"https:\/\/www.caririemacao.com\/1\/wp-json\/wp\/v2\/posts\/141356\/revisions\/141357"}],"wp:featuredmedia":[{"embeddable":true,"href":"https:\/\/www.caririemacao.com\/1\/wp-json\/wp\/v2\/media\/141187"}],"wp:attachment":[{"href":"https:\/\/www.caririemacao.com\/1\/wp-json\/wp\/v2\/media?parent=141356"}],"wp:term":[{"taxonomy":"category","embeddable":true,"href":"https:\/\/www.caririemacao.com\/1\/wp-json\/wp\/v2\/categories?post=141356"},{"taxonomy":"post_tag","embeddable":true,"href":"https:\/\/www.caririemacao.com\/1\/wp-json\/wp\/v2\/tags?post=141356"}],"curies":[{"name":"wp","href":"https:\/\/api.w.org\/{rel}","templated":true}]}}