{"id":141360,"date":"2019-12-17T14:19:05","date_gmt":"2019-12-17T17:19:05","guid":{"rendered":"http:\/\/www.caririemacao.com\/1\/?p=141360"},"modified":"2019-12-17T14:19:05","modified_gmt":"2019-12-17T17:19:05","slug":"audiencia-de-custodia-dos-presos-na-7a-fase-da-operacao-calvario-acontece-as-10h-desta-quarta","status":"publish","type":"post","link":"https:\/\/www.caririemacao.com\/1\/2019\/12\/17\/audiencia-de-custodia-dos-presos-na-7a-fase-da-operacao-calvario-acontece-as-10h-desta-quarta\/","title":{"rendered":"Audi\u00eancia de cust\u00f3dia dos presos na 7\u00aa fase da Opera\u00e7\u00e3o Calv\u00e1rio acontece \u00e0s 10h desta quarta"},"content":{"rendered":"\n<p>A audi\u00eancia de cust\u00f3dia dos agentes pol\u00edticos e empresariais presos na 7\u00aa fase da Opera\u00e7\u00e3o Calv\u00e1rio, intitulada Ju\u00edzo Final, vai acontecer \u00e0s 10h desta quarta-feira, na sede do Tribunal de Justi\u00e7a da Para\u00edba. A informa\u00e7\u00e3o foi divulgada pelo advogado Sheyner \u00c1sfora, que est\u00e1 atuando na defesa da deputada Estela Bezerra (PSB).<\/p>\n\n\n\n<p>Al\u00e9m da parlamentar, a prefeita de Conde M\u00e1rcia Lucena (PSB), o irm\u00e3o do ex-governador Ricardo Coutinho, Coriolono Coutinho, al\u00e9m dos ex-secret\u00e1rios Waldson Souza e Cl\u00e1udia Veras, al\u00e9m do procurador-geral do Estado, Gilberto Carneiro, est\u00e3o entre os presos desta fase da opera\u00e7\u00e3o.<\/p>\n","protected":false},"excerpt":{"rendered":"<p>A audi\u00eancia de cust\u00f3dia dos agentes pol\u00edticos e empresariais presos na 7\u00aa fase da Opera\u00e7\u00e3o Calv\u00e1rio, intitulada Ju\u00edzo Final, vai acontecer \u00e0s 10h desta quarta-feira,&hellip; <\/p>\n","protected":false},"author":1,"featured_media":60510,"comment_status":"closed","ping_status":"closed","sticky":false,"template":"","format":"standard","meta":{"sfsi_plus_gutenberg_text_before_share":"","sfsi_plus_gutenberg_show_text_before_share":"","sfsi_plus_gutenberg_icon_type":"","sfsi_plus_gutenberg_icon_alignemt":"","sfsi_plus_gutenburg_max_per_row":"","footnotes":""},"categories":[2],"tags":[],"class_list":["post-141360","post","type-post","status-publish","format-standard","has-post-thumbnail","hentry","category-geral"],"_links":{"self":[{"href":"https:\/\/www.caririemacao.com\/1\/wp-json\/wp\/v2\/posts\/141360","targetHints":{"allow":["GET"]}}],"collection":[{"href":"https:\/\/www.caririemacao.com\/1\/wp-json\/wp\/v2\/posts"}],"about":[{"href":"https:\/\/www.caririemacao.com\/1\/wp-json\/wp\/v2\/types\/post"}],"author":[{"embeddable":true,"href":"https:\/\/www.caririemacao.com\/1\/wp-json\/wp\/v2\/users\/1"}],"replies":[{"embeddable":true,"href":"https:\/\/www.caririemacao.com\/1\/wp-json\/wp\/v2\/comments?post=141360"}],"version-history":[{"count":1,"href":"https:\/\/www.caririemacao.com\/1\/wp-json\/wp\/v2\/posts\/141360\/revisions"}],"predecessor-version":[{"id":141361,"href":"https:\/\/www.caririemacao.com\/1\/wp-json\/wp\/v2\/posts\/141360\/revisions\/141361"}],"wp:featuredmedia":[{"embeddable":true,"href":"https:\/\/www.caririemacao.com\/1\/wp-json\/wp\/v2\/media\/60510"}],"wp:attachment":[{"href":"https:\/\/www.caririemacao.com\/1\/wp-json\/wp\/v2\/media?parent=141360"}],"wp:term":[{"taxonomy":"category","embeddable":true,"href":"https:\/\/www.caririemacao.com\/1\/wp-json\/wp\/v2\/categories?post=141360"},{"taxonomy":"post_tag","embeddable":true,"href":"https:\/\/www.caririemacao.com\/1\/wp-json\/wp\/v2\/tags?post=141360"}],"curies":[{"name":"wp","href":"https:\/\/api.w.org\/{rel}","templated":true}]}}