{"id":141367,"date":"2019-12-17T14:27:37","date_gmt":"2019-12-17T17:27:37","guid":{"rendered":"http:\/\/www.caririemacao.com\/1\/?p=141367"},"modified":"2019-12-17T14:27:37","modified_gmt":"2019-12-17T17:27:37","slug":"prefeito-eden-duarte-convoca-aprovados-nos-concursos-publicos-de-2019-e-2017","status":"publish","type":"post","link":"https:\/\/www.caririemacao.com\/1\/2019\/12\/17\/prefeito-eden-duarte-convoca-aprovados-nos-concursos-publicos-de-2019-e-2017\/","title":{"rendered":"Prefeito \u00c9den Duarte convoca aprovados nos Concursos P\u00fablicos de 2019 e 2017"},"content":{"rendered":"\n<p>O prefeito \u00c9den Duarte est\u00e1 convocando nesta ter\u00e7a-feira (17), os novos aprovados no Concurso P\u00fablico de 2019 da Prefeitura de Sum\u00e9, aberto pelo Edital n\u00b0 01\/2019.<\/p>\n\n\n\n<p>Esta \u00e9 a primeira convoca\u00e7\u00e3o e est\u00e3o sendo chamados 17 candidatos distribu\u00eddos nos cargos de: cirurgi\u00e3o dentista, m\u00e9dico pediatra, m\u00e9dico psiquiatra, professor do fundamental II \u2013 habilita\u00e7\u00e3o Ci\u00eancias, auxiliar de desenvolvimento cognitivo infantil e t\u00e9cnicas de enfermagem.<\/p>\n\n\n\n<p>A convoca\u00e7\u00e3o est\u00e1 publicada no boletim oficial do munic\u00edpio de 17 de dezembro de 2019. Os (as)&nbsp; candidatos (as) tem at\u00e9 30 dias, da data da publica\u00e7\u00e3o do Edital, para se apresentarem na Secretaria de Administra\u00e7\u00e3o\/Recursos Humanos com a devida documenta\u00e7\u00e3o.<\/p>\n\n\n\n<p>No mesmo boletim tamb\u00e9m est\u00e1 a convoca\u00e7\u00e3o de candidato aprovado no Concurso P\u00fablico de 2017, para o cargo de Assistente de Administra\u00e7\u00e3o (PNE).<\/p>\n\n\n\n<p>Confira a rela\u00e7\u00e3o dos candidatos convocados do&nbsp;<strong>Concurso P\u00fablico 2019<\/strong>:<\/p>\n\n\n\n<p>\u2013 Jos\u00e9 Regis Cordeiro da Silva \u2013 Cirurgi\u00e3o Dentista;<\/p>\n\n\n\n<p>\u2013 Monaliza Concei\u00e7\u00e3o Leite Salvador \u2013 M\u00e9dica Pediatra;<\/p>\n\n\n\n<p>\u2013 Rafaella N\u00f3brega Braga \u2013 M\u00e9dica Psiquiatra;<\/p>\n\n\n\n<p>-Tuilly de F\u00e1tima Macedo Furtado Guerra \u2013 Professor Fundamental II \u2013 Ci\u00eancias;<\/p>\n\n\n\n<p>\u2013 Daniel Rafael de Queiroz Barros \u2013 Auxiliar de Desenvolvimento Cognitivo Infantil;<\/p>\n\n\n\n<p>\u2013 Aline Gon\u00e7alves de Sousa \u2013 Auxiliar de Desenvolvimento Cognitivo Infantil;<\/p>\n\n\n\n<p>\u2013 Ervilys Cibele Leite de Lima \u2013 Auxiliar de Desenvolvimento Cognitivo Infantil;<\/p>\n\n\n\n<p>\u2013 Daiana Dan\u00fabia Bezerra de Oliveira \u2013 Auxiliar de Desenvolvimento Cognitivo Infantil;<\/p>\n\n\n\n<p>\u2013 J\u00e9ssica Mayara Ver\u00edssimo de Oliveira \u2013 Auxiliar de Desenvolvimento Cognitivo Infantil;<\/p>\n\n\n\n<p>\u2013 Veridiana Bezerra Xavier \u2013 T\u00e9cnica de Enfermagem;<\/p>\n\n\n\n<p>\u2013 B\u00e1rbara Gomes de Lira \u2013 T\u00e9cnica de Enfermagem;<\/p>\n\n\n\n<p>\u2013 \u00c9rica Bezerra da Silva \u2013 T\u00e9cnica de Enfermagem;<\/p>\n\n\n\n<p>\u2013 Cristiane Maria Alves da Silva \u2013 T\u00e9cnica de Enfermagem;<\/p>\n\n\n\n<p>\u2013 Layane Ferreira da Silva \u2013 T\u00e9cnica de Enfermagem;<\/p>\n\n\n\n<p>\u2013 Rayanne Ferreira Monteiro de Sousa \u2013 T\u00e9cnica de Enfermagem;<\/p>\n\n\n\n<p>\u2013 Ana Vit\u00f3ria Velez de Sousa \u2013 T\u00e9cnica de Enfermagem;<\/p>\n\n\n\n<p>\u2013 Soraia Ferreira Freitas \u2013 T\u00e9cnica de Enfermagem.<\/p>\n\n\n\n<p>Confira o candidato convocado do&nbsp;<strong>Concurso P\u00fablico 2017<\/strong>:<\/p>\n\n\n\n<p>\u2013 Rodrigo Rafael Dias Freire \u2013 Assistente de Administra\u00e7\u00e3o (PNE).<\/p>\n\n\n\n<p>Ascom PMS<\/p>\n","protected":false},"excerpt":{"rendered":"<p>O prefeito \u00c9den Duarte est\u00e1 convocando nesta ter\u00e7a-feira (17), os novos aprovados no Concurso P\u00fablico de 2019 da Prefeitura de Sum\u00e9, aberto pelo Edital n\u00b0&hellip; <\/p>\n","protected":false},"author":1,"featured_media":54911,"comment_status":"closed","ping_status":"closed","sticky":false,"template":"","format":"standard","meta":{"sfsi_plus_gutenberg_text_before_share":"","sfsi_plus_gutenberg_show_text_before_share":"","sfsi_plus_gutenberg_icon_type":"","sfsi_plus_gutenberg_icon_alignemt":"","sfsi_plus_gutenburg_max_per_row":"","footnotes":""},"categories":[6],"tags":[],"class_list":["post-141367","post","type-post","status-publish","format-standard","has-post-thumbnail","hentry","category-cidades"],"_links":{"self":[{"href":"https:\/\/www.caririemacao.com\/1\/wp-json\/wp\/v2\/posts\/141367","targetHints":{"allow":["GET"]}}],"collection":[{"href":"https:\/\/www.caririemacao.com\/1\/wp-json\/wp\/v2\/posts"}],"about":[{"href":"https:\/\/www.caririemacao.com\/1\/wp-json\/wp\/v2\/types\/post"}],"author":[{"embeddable":true,"href":"https:\/\/www.caririemacao.com\/1\/wp-json\/wp\/v2\/users\/1"}],"replies":[{"embeddable":true,"href":"https:\/\/www.caririemacao.com\/1\/wp-json\/wp\/v2\/comments?post=141367"}],"version-history":[{"count":1,"href":"https:\/\/www.caririemacao.com\/1\/wp-json\/wp\/v2\/posts\/141367\/revisions"}],"predecessor-version":[{"id":141368,"href":"https:\/\/www.caririemacao.com\/1\/wp-json\/wp\/v2\/posts\/141367\/revisions\/141368"}],"wp:featuredmedia":[{"embeddable":true,"href":"https:\/\/www.caririemacao.com\/1\/wp-json\/wp\/v2\/media\/54911"}],"wp:attachment":[{"href":"https:\/\/www.caririemacao.com\/1\/wp-json\/wp\/v2\/media?parent=141367"}],"wp:term":[{"taxonomy":"category","embeddable":true,"href":"https:\/\/www.caririemacao.com\/1\/wp-json\/wp\/v2\/categories?post=141367"},{"taxonomy":"post_tag","embeddable":true,"href":"https:\/\/www.caririemacao.com\/1\/wp-json\/wp\/v2\/tags?post=141367"}],"curies":[{"name":"wp","href":"https:\/\/api.w.org\/{rel}","templated":true}]}}