{"id":141376,"date":"2019-12-17T14:31:32","date_gmt":"2019-12-17T17:31:32","guid":{"rendered":"http:\/\/www.caririemacao.com\/1\/?p=141376"},"modified":"2019-12-17T14:31:32","modified_gmt":"2019-12-17T17:31:32","slug":"programacao-de-fim-de-ano-em-monteiro-tem-natal-com-cultura-na-praca-joao-pessoa","status":"publish","type":"post","link":"https:\/\/www.caririemacao.com\/1\/2019\/12\/17\/programacao-de-fim-de-ano-em-monteiro-tem-natal-com-cultura-na-praca-joao-pessoa\/","title":{"rendered":"Programa\u00e7\u00e3o de Fim de ano em Monteiro tem Natal com Cultura na Pra\u00e7a Jo\u00e3o Pessoa"},"content":{"rendered":"\n<p>Na pr\u00f3xima quinta-feira, 19, os monteirenses poder\u00e3o contar com uma programa\u00e7\u00e3o de qualidade para toda a fam\u00edlia com o Natal com Cultura.<\/p>\n\n\n\n<p>O evento preparado pela Secretaria de Cultura e Turismo do munic\u00edpio acontece na Pra\u00e7a Jo\u00e3o Pessoa e tem in\u00edcio \u00e0s 20h e \u00e9 totalmente gratuito. Neste ano a programa\u00e7\u00e3o acontece em parceria com o IFPB e a ECIT Jos\u00e9 Leite de Souza.Apresentam-se na oportunidade a Banda Filarm\u00f4nica Municipal \u2013 Sebasti\u00e3o de Oliveira Brito, Arte e Cena, Cantada Natalina, Banda dos professores, Quinteto de Metais e outros artistas com o melhor da m\u00fasica, trazendo toda a beleza do clima de natal para o centro da cidade.\u201cNossas fam\u00edlias ter\u00e3o mais um atrativo nas comemora\u00e7\u00f5es de fim de Ano em Monteiro. Estas semanas que antecedem as festas j\u00e1 recebem in\u00fameros turistas e familiares que retornam \u00e0 cidade, e poder reunir todos na Pra\u00e7a Jo\u00e3o Pessoa para uma programa\u00e7\u00e3o assim \u00e9 muito especial pra n\u00f3s\u201d, conta a secret\u00e1ria Christianne Leal.<\/p>\n","protected":false},"excerpt":{"rendered":"<p>Na pr\u00f3xima quinta-feira, 19, os monteirenses poder\u00e3o contar com uma programa\u00e7\u00e3o de qualidade para toda a fam\u00edlia com o Natal com Cultura. O evento preparado&hellip; <\/p>\n","protected":false},"author":1,"featured_media":141377,"comment_status":"closed","ping_status":"closed","sticky":false,"template":"","format":"standard","meta":{"sfsi_plus_gutenberg_text_before_share":"","sfsi_plus_gutenberg_show_text_before_share":"","sfsi_plus_gutenberg_icon_type":"","sfsi_plus_gutenberg_icon_alignemt":"","sfsi_plus_gutenburg_max_per_row":"","footnotes":""},"categories":[2],"tags":[],"class_list":["post-141376","post","type-post","status-publish","format-standard","has-post-thumbnail","hentry","category-geral"],"_links":{"self":[{"href":"https:\/\/www.caririemacao.com\/1\/wp-json\/wp\/v2\/posts\/141376","targetHints":{"allow":["GET"]}}],"collection":[{"href":"https:\/\/www.caririemacao.com\/1\/wp-json\/wp\/v2\/posts"}],"about":[{"href":"https:\/\/www.caririemacao.com\/1\/wp-json\/wp\/v2\/types\/post"}],"author":[{"embeddable":true,"href":"https:\/\/www.caririemacao.com\/1\/wp-json\/wp\/v2\/users\/1"}],"replies":[{"embeddable":true,"href":"https:\/\/www.caririemacao.com\/1\/wp-json\/wp\/v2\/comments?post=141376"}],"version-history":[{"count":1,"href":"https:\/\/www.caririemacao.com\/1\/wp-json\/wp\/v2\/posts\/141376\/revisions"}],"predecessor-version":[{"id":141378,"href":"https:\/\/www.caririemacao.com\/1\/wp-json\/wp\/v2\/posts\/141376\/revisions\/141378"}],"wp:featuredmedia":[{"embeddable":true,"href":"https:\/\/www.caririemacao.com\/1\/wp-json\/wp\/v2\/media\/141377"}],"wp:attachment":[{"href":"https:\/\/www.caririemacao.com\/1\/wp-json\/wp\/v2\/media?parent=141376"}],"wp:term":[{"taxonomy":"category","embeddable":true,"href":"https:\/\/www.caririemacao.com\/1\/wp-json\/wp\/v2\/categories?post=141376"},{"taxonomy":"post_tag","embeddable":true,"href":"https:\/\/www.caririemacao.com\/1\/wp-json\/wp\/v2\/tags?post=141376"}],"curies":[{"name":"wp","href":"https:\/\/api.w.org\/{rel}","templated":true}]}}