{"id":141381,"date":"2019-12-17T15:02:43","date_gmt":"2019-12-17T18:02:43","guid":{"rendered":"http:\/\/www.caririemacao.com\/1\/?p=141381"},"modified":"2019-12-17T15:02:43","modified_gmt":"2019-12-17T18:02:43","slug":"homem-sofre-acidente-de-moto-proximo-a-parari-e-passa-a-noite-caido-as-margens-da-estrada","status":"publish","type":"post","link":"https:\/\/www.caririemacao.com\/1\/2019\/12\/17\/homem-sofre-acidente-de-moto-proximo-a-parari-e-passa-a-noite-caido-as-margens-da-estrada\/","title":{"rendered":"Homem sofre acidente de moto pr\u00f3ximo \u00e0 Parari e passa a noite ca\u00eddo \u00e0s margens da estrada"},"content":{"rendered":"\n<p>Um acidente de moto deixou um parariense com v\u00e1rias escoria\u00e7\u00f5es na noite desta segunda-feira (16). Segundo informa\u00e7\u00f5es apuradas pelo portal De Olho no Cariri, Jair Rodrigues Barros, de 41 anos, estava pilotando sua moto quando pouco depois do s\u00edtio Farias perdeu o controle do ve\u00edculo e caiu.<\/p>\n\n\n\n<p>Ele relata que o acidente ocorreu por volta das 20hrs desta segunda, ap\u00f3s ter sobrado em uma curva e ca\u00eddo num penhasco. Jair ficou a noite inteira \u00e0s margens da pista, mas como caiu em uma ribanceira s\u00f3 foi localizado por populares na manh\u00e3 desta ter\u00e7a (17).<\/p>\n\n\n\n<p>O SAMU foi acionado, prestou os primeiros socorros e o encaminhou para o Hospital de Trauma de Campina Grande. Ele est\u00e1 consciente, teve perfura\u00e7\u00e3o no joelho e escoria\u00e7\u00f5es na costela e peitoral, aparentemente sem muita gravidade. Jair ficou internado na ala de ortopedia do Trauma.<\/p>\n\n\n\n<p>Segundo informa\u00e7\u00f5es da pr\u00f3pria v\u00edtima aos populares e t\u00e9cnicos do SAMU, ele tinha ingerido bebida alco\u00f3lica e isso ocasionou o acidente.<\/p>\n\n\n\n<p><strong>De Olho no Cariri<\/strong><\/p>\n","protected":false},"excerpt":{"rendered":"<p>Um acidente de moto deixou um parariense com v\u00e1rias escoria\u00e7\u00f5es na noite desta segunda-feira (16). Segundo informa\u00e7\u00f5es apuradas pelo portal De Olho no Cariri, Jair&hellip; <\/p>\n","protected":false},"author":1,"featured_media":85553,"comment_status":"closed","ping_status":"closed","sticky":false,"template":"","format":"standard","meta":{"sfsi_plus_gutenberg_text_before_share":"","sfsi_plus_gutenberg_show_text_before_share":"","sfsi_plus_gutenberg_icon_type":"","sfsi_plus_gutenberg_icon_alignemt":"","sfsi_plus_gutenburg_max_per_row":"","footnotes":""},"categories":[12],"tags":[],"class_list":["post-141381","post","type-post","status-publish","format-standard","has-post-thumbnail","hentry","category-policia"],"_links":{"self":[{"href":"https:\/\/www.caririemacao.com\/1\/wp-json\/wp\/v2\/posts\/141381","targetHints":{"allow":["GET"]}}],"collection":[{"href":"https:\/\/www.caririemacao.com\/1\/wp-json\/wp\/v2\/posts"}],"about":[{"href":"https:\/\/www.caririemacao.com\/1\/wp-json\/wp\/v2\/types\/post"}],"author":[{"embeddable":true,"href":"https:\/\/www.caririemacao.com\/1\/wp-json\/wp\/v2\/users\/1"}],"replies":[{"embeddable":true,"href":"https:\/\/www.caririemacao.com\/1\/wp-json\/wp\/v2\/comments?post=141381"}],"version-history":[{"count":1,"href":"https:\/\/www.caririemacao.com\/1\/wp-json\/wp\/v2\/posts\/141381\/revisions"}],"predecessor-version":[{"id":141382,"href":"https:\/\/www.caririemacao.com\/1\/wp-json\/wp\/v2\/posts\/141381\/revisions\/141382"}],"wp:featuredmedia":[{"embeddable":true,"href":"https:\/\/www.caririemacao.com\/1\/wp-json\/wp\/v2\/media\/85553"}],"wp:attachment":[{"href":"https:\/\/www.caririemacao.com\/1\/wp-json\/wp\/v2\/media?parent=141381"}],"wp:term":[{"taxonomy":"category","embeddable":true,"href":"https:\/\/www.caririemacao.com\/1\/wp-json\/wp\/v2\/categories?post=141381"},{"taxonomy":"post_tag","embeddable":true,"href":"https:\/\/www.caririemacao.com\/1\/wp-json\/wp\/v2\/tags?post=141381"}],"curies":[{"name":"wp","href":"https:\/\/api.w.org\/{rel}","templated":true}]}}