{"id":141384,"date":"2019-12-18T07:14:13","date_gmt":"2019-12-18T10:14:13","guid":{"rendered":"http:\/\/www.caririemacao.com\/1\/?p=141384"},"modified":"2019-12-18T07:14:13","modified_gmt":"2019-12-18T10:14:13","slug":"policia-civil-avanca-com-investigacao-de-incendio-em-monteiro-e-ouve-agricultor-acusado","status":"publish","type":"post","link":"https:\/\/www.caririemacao.com\/1\/2019\/12\/18\/policia-civil-avanca-com-investigacao-de-incendio-em-monteiro-e-ouve-agricultor-acusado\/","title":{"rendered":"Pol\u00edcia Civil avan\u00e7a com investiga\u00e7\u00e3o de inc\u00eandio em Monteiro e ouve agricultor acusado"},"content":{"rendered":"\n<p>A Pol\u00edcia Civil da Para\u00edba, por meio do Grupo T\u00e1tico Especial- GTE, vinculado \u00e0 14 DSPC\/Monteiro, em continuidade \u00e0s dilig\u00eancias relativas \u00e0 apura\u00e7\u00e3o do inc\u00eandio que atingiu a zona rural de Monteiro, procedeu \u00e0 colheita de depoimentos, declara\u00e7\u00f5es e inclusive o interrogat\u00f3rio do agricultor apontado como principal suspeito.<\/p>\n\n\n\n<p>O inc\u00eandio, j\u00e1 considerado o maior registrado na regi\u00e3o nos \u00faltimos anos, ocorreu nos \u00faltimos dias 10,11 e 12 de dezembro de 2019. As chamas devastaram cerca de 2 mil hectares de \u00e1rea na zona rural de Monteiro, vitimando dezenas de animais, al\u00e9m de grande parte da flora local.<\/p>\n\n\n\n<p>O principal interrogat\u00f3rio colhido pela Pol\u00edcia Civil foi o do agricultor apontado como principal suspeito de iniciar os focos. Jos\u00e9 Ivanildo De Oliveira, de 54 anos, natural de Monteiro prestou esclarecimentos e seu depoimento \u00e9 mantido em sigilo.<\/p>\n\n\n\n<p>Dr. Cristiano Santana, delegado regional, afirmou que as dilig\u00eancias seguem seu curso e est\u00e1 no aguardo apenas do laudo pericial ambiental, o qual trar\u00e1, de forma cabal, a causa\/natureza do inc\u00eandio, e determinar\u00e1 o prosseguimento e conclus\u00e3o dos trabalhos investigativos.<\/p>\n\n\n\n<p><strong>De Olho no Cariri<\/strong><\/p>\n","protected":false},"excerpt":{"rendered":"<p>A Pol\u00edcia Civil da Para\u00edba, por meio do Grupo T\u00e1tico Especial- GTE, vinculado \u00e0 14 DSPC\/Monteiro, em continuidade \u00e0s dilig\u00eancias relativas \u00e0 apura\u00e7\u00e3o do inc\u00eandio&hellip; <\/p>\n","protected":false},"author":1,"featured_media":141386,"comment_status":"closed","ping_status":"closed","sticky":false,"template":"","format":"standard","meta":{"sfsi_plus_gutenberg_text_before_share":"","sfsi_plus_gutenberg_show_text_before_share":"","sfsi_plus_gutenberg_icon_type":"","sfsi_plus_gutenberg_icon_alignemt":"","sfsi_plus_gutenburg_max_per_row":"","footnotes":""},"categories":[50,12],"tags":[],"class_list":["post-141384","post","type-post","status-publish","format-standard","has-post-thumbnail","hentry","category-destaque","category-policia"],"_links":{"self":[{"href":"https:\/\/www.caririemacao.com\/1\/wp-json\/wp\/v2\/posts\/141384","targetHints":{"allow":["GET"]}}],"collection":[{"href":"https:\/\/www.caririemacao.com\/1\/wp-json\/wp\/v2\/posts"}],"about":[{"href":"https:\/\/www.caririemacao.com\/1\/wp-json\/wp\/v2\/types\/post"}],"author":[{"embeddable":true,"href":"https:\/\/www.caririemacao.com\/1\/wp-json\/wp\/v2\/users\/1"}],"replies":[{"embeddable":true,"href":"https:\/\/www.caririemacao.com\/1\/wp-json\/wp\/v2\/comments?post=141384"}],"version-history":[{"count":1,"href":"https:\/\/www.caririemacao.com\/1\/wp-json\/wp\/v2\/posts\/141384\/revisions"}],"predecessor-version":[{"id":141387,"href":"https:\/\/www.caririemacao.com\/1\/wp-json\/wp\/v2\/posts\/141384\/revisions\/141387"}],"wp:featuredmedia":[{"embeddable":true,"href":"https:\/\/www.caririemacao.com\/1\/wp-json\/wp\/v2\/media\/141386"}],"wp:attachment":[{"href":"https:\/\/www.caririemacao.com\/1\/wp-json\/wp\/v2\/media?parent=141384"}],"wp:term":[{"taxonomy":"category","embeddable":true,"href":"https:\/\/www.caririemacao.com\/1\/wp-json\/wp\/v2\/categories?post=141384"},{"taxonomy":"post_tag","embeddable":true,"href":"https:\/\/www.caririemacao.com\/1\/wp-json\/wp\/v2\/tags?post=141384"}],"curies":[{"name":"wp","href":"https:\/\/api.w.org\/{rel}","templated":true}]}}