{"id":141389,"date":"2019-12-18T07:15:40","date_gmt":"2019-12-18T10:15:40","guid":{"rendered":"http:\/\/www.caririemacao.com\/1\/?p=141389"},"modified":"2019-12-18T07:15:40","modified_gmt":"2019-12-18T10:15:40","slug":"educacao-de-sao-jose-dos-cordeiros-apresenta-projeto-em-seminario-estadual-do-programa-soma","status":"publish","type":"post","link":"https:\/\/www.caririemacao.com\/1\/2019\/12\/18\/educacao-de-sao-jose-dos-cordeiros-apresenta-projeto-em-seminario-estadual-do-programa-soma\/","title":{"rendered":"Educa\u00e7\u00e3o de S\u00e3o Jos\u00e9 dos Cordeiros apresenta projeto em Semin\u00e1rio Estadual do Programa Soma"},"content":{"rendered":"\n<p>O munic\u00edpio de S\u00e3o Jos\u00e9 dos Cordeiros esteve nesta ter\u00e7a-feira (17) participando do Semin\u00e1rio Estadual do Programa Soma \u2013 Pacto Pela Aprendizagem na Para\u00edba. O evento, que aconteceu no Teatro Paulo Pontes, em Jo\u00e3o Pessoa, foi voltado para secret\u00e1rios de educa\u00e7\u00e3o, gerentes regionais, coordenadores, formadores e professores da Rede Estadual de Ensino e munic\u00edpios pactuados.<\/p>\n\n\n\n<div class=\"wp-block-image\"><figure class=\"alignright\"><img decoding=\"async\" data-src=\"http:\/\/deolhonocariri.com.br\/wp-content\/uploads\/2019\/12\/79520241_588870668555071_8432348161690828800_n.jpg\" alt=\"\" class=\"wp-image-75342 lazyload\" src=\"data:image\/svg+xml;base64,PHN2ZyB3aWR0aD0iMSIgaGVpZ2h0PSIxIiB4bWxucz0iaHR0cDovL3d3dy53My5vcmcvMjAwMC9zdmciPjwvc3ZnPg==\" \/><\/figure><\/div>\n\n\n\n<p>S\u00e3o Jos\u00e9 dos Cordeiros foi representada pela secret\u00e1ria de educa\u00e7\u00e3o do munic\u00edpio, Fl\u00e1via Dowsley, e Su\u00eania Ara\u00fajo, formadora do projeto no munic\u00edpio.<\/p>\n\n\n\n<p>O projeto SOMA \u2013 Pacto pela Aprendizagem na Para\u00edba, implementa a\u00e7\u00f5es que t\u00eam como foco a alfabetiza\u00e7\u00e3o plena dos alunos ao fim do 3\u00ba ano do ensino fundamental, a garantia de n\u00edveis de letramento adequados para os estudantes do 5\u00ba ano dessa mesma etapa de escolaridade e o aux\u00edlio aos alunos dos anos finais do ensino fundamental que n\u00e3o atingiram o desenvolvimento pleno da alfabetiza\u00e7\u00e3o e o n\u00edvel de letramento adequado.<\/p>\n\n\n\n<p>Na ocasi\u00e3o, foram apresentadas as pr\u00e1ticas exitosas desenvolvidas nas escolas da Rede Estadual e Municipal de ensino ao longo de todo o ano letivo de 2019. S\u00e3o Jos\u00e9 dos Cordeiros apresentou um relato de experi\u00eancia com o tema: \u201cA forma\u00e7\u00e3o em matem\u00e1tica e a viv\u00eancia de novas metodologias nas salas de aula\u201d.<\/p>\n\n\n\n<p>Para a secret\u00e1ria de educa\u00e7\u00e3o Fl\u00e1via Dowsley: a experi\u00eancia do SOMA \u00e9 muito importante e o munic\u00edpio de S\u00e3o Jos\u00e9 dos Cordeiros aderiu ao programa com o objetivo de melhorar a educa\u00e7\u00e3o dos jovens e crian\u00e7as com dificuldade de aprendizagem. \u201cEstamos obtendo bons resultados e o encontro de hoje foi uma oportunidade de partilhar novas experi\u00eancias\u201d.<\/p>\n","protected":false},"excerpt":{"rendered":"<p>O munic\u00edpio de S\u00e3o Jos\u00e9 dos Cordeiros esteve nesta ter\u00e7a-feira (17) participando do Semin\u00e1rio Estadual do Programa Soma \u2013 Pacto Pela Aprendizagem na Para\u00edba. O&hellip; <\/p>\n","protected":false},"author":1,"featured_media":141390,"comment_status":"closed","ping_status":"closed","sticky":false,"template":"","format":"standard","meta":{"sfsi_plus_gutenberg_text_before_share":"","sfsi_plus_gutenberg_show_text_before_share":"","sfsi_plus_gutenberg_icon_type":"","sfsi_plus_gutenberg_icon_alignemt":"","sfsi_plus_gutenburg_max_per_row":"","footnotes":""},"categories":[6],"tags":[],"class_list":["post-141389","post","type-post","status-publish","format-standard","has-post-thumbnail","hentry","category-cidades"],"_links":{"self":[{"href":"https:\/\/www.caririemacao.com\/1\/wp-json\/wp\/v2\/posts\/141389","targetHints":{"allow":["GET"]}}],"collection":[{"href":"https:\/\/www.caririemacao.com\/1\/wp-json\/wp\/v2\/posts"}],"about":[{"href":"https:\/\/www.caririemacao.com\/1\/wp-json\/wp\/v2\/types\/post"}],"author":[{"embeddable":true,"href":"https:\/\/www.caririemacao.com\/1\/wp-json\/wp\/v2\/users\/1"}],"replies":[{"embeddable":true,"href":"https:\/\/www.caririemacao.com\/1\/wp-json\/wp\/v2\/comments?post=141389"}],"version-history":[{"count":1,"href":"https:\/\/www.caririemacao.com\/1\/wp-json\/wp\/v2\/posts\/141389\/revisions"}],"predecessor-version":[{"id":141391,"href":"https:\/\/www.caririemacao.com\/1\/wp-json\/wp\/v2\/posts\/141389\/revisions\/141391"}],"wp:featuredmedia":[{"embeddable":true,"href":"https:\/\/www.caririemacao.com\/1\/wp-json\/wp\/v2\/media\/141390"}],"wp:attachment":[{"href":"https:\/\/www.caririemacao.com\/1\/wp-json\/wp\/v2\/media?parent=141389"}],"wp:term":[{"taxonomy":"category","embeddable":true,"href":"https:\/\/www.caririemacao.com\/1\/wp-json\/wp\/v2\/categories?post=141389"},{"taxonomy":"post_tag","embeddable":true,"href":"https:\/\/www.caririemacao.com\/1\/wp-json\/wp\/v2\/tags?post=141389"}],"curies":[{"name":"wp","href":"https:\/\/api.w.org\/{rel}","templated":true}]}}