{"id":141400,"date":"2019-12-18T07:21:06","date_gmt":"2019-12-18T10:21:06","guid":{"rendered":"http:\/\/www.caririemacao.com\/1\/?p=141400"},"modified":"2019-12-18T07:21:06","modified_gmt":"2019-12-18T10:21:06","slug":"prefeitura-de-monteiro-divulga-calendario-de-encerramento-dos-servicos-sociais","status":"publish","type":"post","link":"https:\/\/www.caririemacao.com\/1\/2019\/12\/18\/prefeitura-de-monteiro-divulga-calendario-de-encerramento-dos-servicos-sociais\/","title":{"rendered":"Prefeitura de Monteiro divulga calend\u00e1rio de encerramento dos servi\u00e7os sociais"},"content":{"rendered":"\n<p>A Prefeitura de Monteiro tem realizado desde o in\u00edcio da gest\u00e3o da prefeita Anna Lorena, uma s\u00e9rie de servi\u00e7os beneficiando a popula\u00e7\u00e3o mais carente do munic\u00edpio. Dentre eles est\u00e3o os programas sociais do Servi\u00e7o de Conviv\u00eancia e Fortalecimento de V\u00ednculos para crian\u00e7as e idosos, tanto na zona urbana quanto rural e o Programa Cesta Social.<\/p>\n\n\n\n<p>No m\u00eas de dezembro estes servi\u00e7os s\u00e3o pausados para o rein\u00edcio no ano seguinte. Nesta ter\u00e7a-feira, 17, a Secretaria de Desenvolvimento Social divulgou as datas de encerramento das atividades do ano de 2019 e a data de in\u00edcio em 2020.<\/p>\n\n\n\n<p>Confira:<\/p>\n\n\n\n<p>Encerramento das atividades com coletores de lixo recicl\u00e1vel \u2013 11\/12<br>Encerramento das atividades do SCFV \u2013Zona Rural \u2013 18\/12<br>Encerramento das atividades do SCFV \u2013Zona Urbana \u2013 19\/12<br>Entrega da Cesta Social de dezembro \u2013 18\/12.<\/p>\n\n\n\n<p>\u201cEstamos encerrando mais um ano de atividades intensas agradecendo a Deus por ter podido proporcionar uma melhora na qualidade de vida de tantas pessoas, seja com a ajuda da Cesta Social que chega em sua terceira entrega, quanto com os cursos de capacita\u00e7\u00e3o ou os nossos demais programas assistenciais. Temos no peito a sensa\u00e7\u00e3o de dever cumprido e a esperan\u00e7a de que 2020 seja ainda melhor\u201d, comenta a secret\u00e1ria Rosa Aleixo.<\/p>\n\n\n\n<div class=\"wp-block-image\"><figure class=\"alignleft\"><img decoding=\"async\" data-src=\"https:\/\/i0.wp.com\/www.vitrinedocariri.com.br\/wp-content\/uploads\/2018\/07\/scfv-monteiro1.jpeg?zoom=2&amp;resize=330%2C185&amp;ssl=1\" alt=\"\" class=\"wp-image-18971 lazyload\" src=\"data:image\/svg+xml;base64,PHN2ZyB3aWR0aD0iMSIgaGVpZ2h0PSIxIiB4bWxucz0iaHR0cDovL3d3dy53My5vcmcvMjAwMC9zdmciPjwvc3ZnPg==\" \/><\/figure><\/div>\n\n\n\n<p>A Chegada do Papai Noel<\/p>\n\n\n\n<p>Al\u00e9m dos programas socioassistenciais executados pela secretaria, ainda est\u00e3o atividades de lazer para as crian\u00e7as como a Chegada do Papai Noel, que acontece no pr\u00f3ximo s\u00e1bado dia 21 \u00e0s 20h na Pra\u00e7a Jo\u00e3o Pessoa.<\/p>\n\n\n\n<p>A secret\u00e1ria Rosa Aleixo ainda informa que o prazo para concorrer ao sorteio da bicicleta se encerra na sexta-feira, dia 20. A cartinha pode ser entregue na Secretaria de Desenvolvimento Social das 08 \u00e0s 13h at\u00e9 a data limite.<\/p>\n","protected":false},"excerpt":{"rendered":"<p>A Prefeitura de Monteiro tem realizado desde o in\u00edcio da gest\u00e3o da prefeita Anna Lorena, uma s\u00e9rie de servi\u00e7os beneficiando a popula\u00e7\u00e3o mais carente do&hellip; <\/p>\n","protected":false},"author":1,"featured_media":141401,"comment_status":"closed","ping_status":"closed","sticky":false,"template":"","format":"standard","meta":{"sfsi_plus_gutenberg_text_before_share":"","sfsi_plus_gutenberg_show_text_before_share":"","sfsi_plus_gutenberg_icon_type":"","sfsi_plus_gutenberg_icon_alignemt":"","sfsi_plus_gutenburg_max_per_row":"","footnotes":""},"categories":[6],"tags":[],"class_list":["post-141400","post","type-post","status-publish","format-standard","has-post-thumbnail","hentry","category-cidades"],"_links":{"self":[{"href":"https:\/\/www.caririemacao.com\/1\/wp-json\/wp\/v2\/posts\/141400","targetHints":{"allow":["GET"]}}],"collection":[{"href":"https:\/\/www.caririemacao.com\/1\/wp-json\/wp\/v2\/posts"}],"about":[{"href":"https:\/\/www.caririemacao.com\/1\/wp-json\/wp\/v2\/types\/post"}],"author":[{"embeddable":true,"href":"https:\/\/www.caririemacao.com\/1\/wp-json\/wp\/v2\/users\/1"}],"replies":[{"embeddable":true,"href":"https:\/\/www.caririemacao.com\/1\/wp-json\/wp\/v2\/comments?post=141400"}],"version-history":[{"count":1,"href":"https:\/\/www.caririemacao.com\/1\/wp-json\/wp\/v2\/posts\/141400\/revisions"}],"predecessor-version":[{"id":141402,"href":"https:\/\/www.caririemacao.com\/1\/wp-json\/wp\/v2\/posts\/141400\/revisions\/141402"}],"wp:featuredmedia":[{"embeddable":true,"href":"https:\/\/www.caririemacao.com\/1\/wp-json\/wp\/v2\/media\/141401"}],"wp:attachment":[{"href":"https:\/\/www.caririemacao.com\/1\/wp-json\/wp\/v2\/media?parent=141400"}],"wp:term":[{"taxonomy":"category","embeddable":true,"href":"https:\/\/www.caririemacao.com\/1\/wp-json\/wp\/v2\/categories?post=141400"},{"taxonomy":"post_tag","embeddable":true,"href":"https:\/\/www.caririemacao.com\/1\/wp-json\/wp\/v2\/tags?post=141400"}],"curies":[{"name":"wp","href":"https:\/\/api.w.org\/{rel}","templated":true}]}}