{"id":141405,"date":"2019-12-18T07:26:10","date_gmt":"2019-12-18T10:26:10","guid":{"rendered":"http:\/\/www.caririemacao.com\/1\/?p=141405"},"modified":"2019-12-18T07:26:10","modified_gmt":"2019-12-18T10:26:10","slug":"com-25-votos-assembleia-legislativa-da-paraiba-decide-revogar-prisao-da-deputada-estela-bezerra","status":"publish","type":"post","link":"https:\/\/www.caririemacao.com\/1\/2019\/12\/18\/com-25-votos-assembleia-legislativa-da-paraiba-decide-revogar-prisao-da-deputada-estela-bezerra\/","title":{"rendered":"Com 25 votos, Assembleia Legislativa da Para\u00edba decide revogar pris\u00e3o da deputada Estela Bezerra"},"content":{"rendered":"\n<h1 class=\"wp-block-heading\"><\/h1>\n\n\n\n<p>P\u00f4r  maioria, em vota\u00e7\u00e3o secreta, os deputados estaduais paraibanos decidiram revogar a pris\u00e3o da deputada Estela Bezerra. Eles se reuniram em sess\u00e3o extraordin\u00e1ria na noite desta ter\u00e7a-feira (17).<\/p>\n\n\n\n<p>Na leitura do relat\u00f3rio da mat\u00e9ria, citando a jurisprud\u00eancia, os parlamentares consideraram que a pris\u00e3o de deputados s\u00f3 \u00e9 poss\u00edvel em caso de flagrante, como dita a Constitui\u00e7\u00e3o Federal. Portanto, o mandado de pris\u00e3o preventiva contra Estela Bezerra foi classificada como inconstitucional.O relator da mat\u00e9ria, deputado Felipe Leit\u00e3o, considerou em seu voto que a pris\u00e3o de Estela Bezerra deveria ser revogada. <\/p>\n\n\n\n<p>\u201cCom fundamento ainda no princ\u00edpio da presun\u00e7\u00e3o de inoc\u00eancia, do contradit\u00f3rio e da ampla defesa, e do devido processo legal, vota pela n\u00e3o manuten\u00e7\u00e3o da pris\u00e3o preventiva da deputada Estela Bezerra, decretada pelo desembargador Ricardo Vital\u201d, ressaltou no relat\u00f3rio.<\/p>\n\n\n\n<p>Os deputados decidiram ainda em plen\u00e1rio que a forma de vota\u00e7\u00e3o deveria ser secreta, tal qual acontece quando \u00e9 votado o pedido de cassa\u00e7\u00e3o de algum dos colegas.Foi distribu\u00edda uma c\u00e9dula para que os deputados votassem e depositassem em uma urna, garantindo a confidenciabilidade do voto.<\/p>\n\n\n\n<p>Em plen\u00e1rio, havia 32 deputados estaduais aptos a votar. A deputada Cida Ramos, atrav\u00e9s de um of\u00edcio apresentado \u00e0 Mesa Diretora, pediu para n\u00e3o participar da vota\u00e7\u00e3o. Sendo assim, foram registrados 31 votos.<\/p>\n","protected":false},"excerpt":{"rendered":"<p>P\u00f4r maioria, em vota\u00e7\u00e3o secreta, os deputados estaduais paraibanos decidiram revogar a pris\u00e3o da deputada Estela Bezerra. Eles se reuniram em sess\u00e3o extraordin\u00e1ria na noite&hellip; <\/p>\n","protected":false},"author":1,"featured_media":86022,"comment_status":"closed","ping_status":"closed","sticky":false,"template":"","format":"standard","meta":{"sfsi_plus_gutenberg_text_before_share":"","sfsi_plus_gutenberg_show_text_before_share":"","sfsi_plus_gutenberg_icon_type":"","sfsi_plus_gutenberg_icon_alignemt":"","sfsi_plus_gutenburg_max_per_row":"","footnotes":""},"categories":[11],"tags":[],"class_list":["post-141405","post","type-post","status-publish","format-standard","has-post-thumbnail","hentry","category-politica"],"_links":{"self":[{"href":"https:\/\/www.caririemacao.com\/1\/wp-json\/wp\/v2\/posts\/141405","targetHints":{"allow":["GET"]}}],"collection":[{"href":"https:\/\/www.caririemacao.com\/1\/wp-json\/wp\/v2\/posts"}],"about":[{"href":"https:\/\/www.caririemacao.com\/1\/wp-json\/wp\/v2\/types\/post"}],"author":[{"embeddable":true,"href":"https:\/\/www.caririemacao.com\/1\/wp-json\/wp\/v2\/users\/1"}],"replies":[{"embeddable":true,"href":"https:\/\/www.caririemacao.com\/1\/wp-json\/wp\/v2\/comments?post=141405"}],"version-history":[{"count":1,"href":"https:\/\/www.caririemacao.com\/1\/wp-json\/wp\/v2\/posts\/141405\/revisions"}],"predecessor-version":[{"id":141406,"href":"https:\/\/www.caririemacao.com\/1\/wp-json\/wp\/v2\/posts\/141405\/revisions\/141406"}],"wp:featuredmedia":[{"embeddable":true,"href":"https:\/\/www.caririemacao.com\/1\/wp-json\/wp\/v2\/media\/86022"}],"wp:attachment":[{"href":"https:\/\/www.caririemacao.com\/1\/wp-json\/wp\/v2\/media?parent=141405"}],"wp:term":[{"taxonomy":"category","embeddable":true,"href":"https:\/\/www.caririemacao.com\/1\/wp-json\/wp\/v2\/categories?post=141405"},{"taxonomy":"post_tag","embeddable":true,"href":"https:\/\/www.caririemacao.com\/1\/wp-json\/wp\/v2\/tags?post=141405"}],"curies":[{"name":"wp","href":"https:\/\/api.w.org\/{rel}","templated":true}]}}