{"id":141420,"date":"2019-12-18T07:38:58","date_gmt":"2019-12-18T10:38:58","guid":{"rendered":"http:\/\/www.caririemacao.com\/1\/?p=141420"},"modified":"2019-12-18T07:38:58","modified_gmt":"2019-12-18T10:38:58","slug":"escola-de-sao-sebastiao-do-umbuzeiro-realiza-tarde-de-autografos-de-livros-feitos-pelos-alunos","status":"publish","type":"post","link":"https:\/\/www.caririemacao.com\/1\/2019\/12\/18\/escola-de-sao-sebastiao-do-umbuzeiro-realiza-tarde-de-autografos-de-livros-feitos-pelos-alunos\/","title":{"rendered":"Escola de S\u00e3o Sebasti\u00e3o do Umbuzeiro realiza tarde de aut\u00f3grafos de livros feitos pelos alunos"},"content":{"rendered":"\n<p>Na tarde da \u00faltima sexta-feira (13), a Escola M. E. I. F Pedro Pedrosa Amador, de S\u00e3o Sebasti\u00e3o do Umbuzeiro, realizou uma Tarde de Aut\u00f3grafos com cerca de 110 crian\u00e7as, que foram destaques do evento \u201cProjeto Pedag\u00f3gico Transforma Aluno em Escritor de Livros de Verdade\u201d.<\/p>\n\n\n\n<p>A Culmin\u00e2ncia do projeto estante m\u00e1gica, transformando alunos em escritores de verdade, tiveram a participa\u00e7\u00e3o das turmas do 4\u00b0 e 5\u00b0 ano da Escola Municipal Pedro Pedrosa Amador.<\/p>\n\n\n\n<p>Na ocasi\u00e3o foram lan\u00e7ados 110 livros escritos pelos pequenos e grandes escritores, orientados pelos professores J\u00fanior Mendes, Aparecida Andrade, Maria Jos\u00e9, Marizelna Neves, Aucelia Feitosa e Socorro Brito.<\/p>\n\n\n\n<p>O Prefeito Adriano Wolff, parabenizou os alunos e os professores, e disse que escrever e ilustrar um livro s\u00e3o tarefas de alto n\u00edvel.<\/p>\n\n\n\n<p>Blog do Didi <\/p>\n","protected":false},"excerpt":{"rendered":"<p>Na tarde da \u00faltima sexta-feira (13), a Escola M. E. I. F Pedro Pedrosa Amador, de S\u00e3o Sebasti\u00e3o do Umbuzeiro, realizou uma Tarde de Aut\u00f3grafos&hellip; <\/p>\n","protected":false},"author":1,"featured_media":141421,"comment_status":"closed","ping_status":"closed","sticky":false,"template":"","format":"standard","meta":{"sfsi_plus_gutenberg_text_before_share":"","sfsi_plus_gutenberg_show_text_before_share":"","sfsi_plus_gutenberg_icon_type":"","sfsi_plus_gutenberg_icon_alignemt":"","sfsi_plus_gutenburg_max_per_row":"","footnotes":""},"categories":[6],"tags":[],"class_list":["post-141420","post","type-post","status-publish","format-standard","has-post-thumbnail","hentry","category-cidades"],"_links":{"self":[{"href":"https:\/\/www.caririemacao.com\/1\/wp-json\/wp\/v2\/posts\/141420","targetHints":{"allow":["GET"]}}],"collection":[{"href":"https:\/\/www.caririemacao.com\/1\/wp-json\/wp\/v2\/posts"}],"about":[{"href":"https:\/\/www.caririemacao.com\/1\/wp-json\/wp\/v2\/types\/post"}],"author":[{"embeddable":true,"href":"https:\/\/www.caririemacao.com\/1\/wp-json\/wp\/v2\/users\/1"}],"replies":[{"embeddable":true,"href":"https:\/\/www.caririemacao.com\/1\/wp-json\/wp\/v2\/comments?post=141420"}],"version-history":[{"count":1,"href":"https:\/\/www.caririemacao.com\/1\/wp-json\/wp\/v2\/posts\/141420\/revisions"}],"predecessor-version":[{"id":141422,"href":"https:\/\/www.caririemacao.com\/1\/wp-json\/wp\/v2\/posts\/141420\/revisions\/141422"}],"wp:featuredmedia":[{"embeddable":true,"href":"https:\/\/www.caririemacao.com\/1\/wp-json\/wp\/v2\/media\/141421"}],"wp:attachment":[{"href":"https:\/\/www.caririemacao.com\/1\/wp-json\/wp\/v2\/media?parent=141420"}],"wp:term":[{"taxonomy":"category","embeddable":true,"href":"https:\/\/www.caririemacao.com\/1\/wp-json\/wp\/v2\/categories?post=141420"},{"taxonomy":"post_tag","embeddable":true,"href":"https:\/\/www.caririemacao.com\/1\/wp-json\/wp\/v2\/tags?post=141420"}],"curies":[{"name":"wp","href":"https:\/\/api.w.org\/{rel}","templated":true}]}}