{"id":141426,"date":"2019-12-18T07:42:54","date_gmt":"2019-12-18T10:42:54","guid":{"rendered":"http:\/\/www.caririemacao.com\/1\/?p=141426"},"modified":"2019-12-18T07:42:54","modified_gmt":"2019-12-18T10:42:54","slug":"aprovado-novo-valor-do-salario-minimo-para-2020","status":"publish","type":"post","link":"https:\/\/www.caririemacao.com\/1\/2019\/12\/18\/aprovado-novo-valor-do-salario-minimo-para-2020\/","title":{"rendered":"Aprovado novo valor do sal\u00e1rio minimo para 2020"},"content":{"rendered":"\n<p>O Congresso Nacional aprovou h\u00e1 pouco o texto-base do parecer final sobre o Or\u00e7amento da Uni\u00e3o para 2020. Neste momento, deputados e senadores analisam as propostas de modifica\u00e7\u00e3o ao texto, em sess\u00e3o conjunta.<\/p>\n\n\n\n<p>O Projeto de Lei do Congresso Nacional (PLN) 22\/19 foi aprovado com a previs\u00e3o de R$ 2,034 bilh\u00f5es para o Fundo Especial de Financiamento de Campanha (FEFC). Contr\u00e1rios \u00e0 proposta, parlamentares do partido Novo pediram a redu\u00e7\u00e3o do valor, mas o destaque foi rejeitado pelos parlamentares.<\/p>\n\n\n\n<p>Em vota\u00e7\u00e3o tamb\u00e9m nesta ter\u00e7a-feira (17) na Comiss\u00e3o Mista de Or\u00e7amento, congressistas do Novo j\u00e1 haviam pedido a redu\u00e7\u00e3o do fundo para R$ 765 milh\u00f5es. O destaque, contudo, foi rejeitado pelo Colegiado. Apesar da rejei\u00e7\u00e3o da proposta, os parlamentares voltaram com a tentativa de diminui\u00e7\u00e3o do valor em plen\u00e1rio.<\/p>\n\n\n\n<p>Or\u00e7amento<br>O projeto prev\u00ea R$ 3,6 trilh\u00f5es para as proje\u00e7\u00f5es de receita e de despesa. Desse total, R$ 3,5 trilh\u00f5es s\u00e3o dos or\u00e7amentos fiscal e de seguridade social, dos quais R$ 917,1 bilh\u00f5es referem-se ao refinanciamento da d\u00edvida p\u00fablica.<\/p>\n\n\n\n<p>O sal\u00e1rio m\u00ednimo, em janeiro de 2020, passar\u00e1 dos atuais R$ 998 para cerca de R$ 1.031. O valor est\u00e1 abaixo dos R$ 1.039 inicialmente previsto. Em 2020, a meta fiscal para o resultado prim\u00e1rio do governo central (Tesouro Nacional, Previd\u00eancia Social e Banco Central) corresponder\u00e1 a um d\u00e9ficit de R$ 124,1 bilh\u00f5es.<\/p>\n\n\n\n<p>Para o pr\u00f3ximo ano, a proposta or\u00e7ament\u00e1ria prev\u00ea ainda um crescimento real do Produto Interno Bruto (PIB) de 2,32%, pouco acima da expectativa do mercado (2,20%). A infla\u00e7\u00e3o prevista para o pr\u00f3ximo ano, medida pelo \u00cdndice de Pre\u00e7os ao Consumidor Amplo (IPCA), \u00e9 de 3,53%.<\/p>\n","protected":false},"excerpt":{"rendered":"<p>O Congresso Nacional aprovou h\u00e1 pouco o texto-base do parecer final sobre o Or\u00e7amento da Uni\u00e3o para 2020. Neste momento, deputados e senadores analisam as&hellip; <\/p>\n","protected":false},"author":1,"featured_media":10249,"comment_status":"closed","ping_status":"closed","sticky":false,"template":"","format":"standard","meta":{"sfsi_plus_gutenberg_text_before_share":"","sfsi_plus_gutenberg_show_text_before_share":"","sfsi_plus_gutenberg_icon_type":"","sfsi_plus_gutenberg_icon_alignemt":"","sfsi_plus_gutenburg_max_per_row":"","footnotes":""},"categories":[50,2],"tags":[],"class_list":["post-141426","post","type-post","status-publish","format-standard","has-post-thumbnail","hentry","category-destaque","category-geral"],"_links":{"self":[{"href":"https:\/\/www.caririemacao.com\/1\/wp-json\/wp\/v2\/posts\/141426","targetHints":{"allow":["GET"]}}],"collection":[{"href":"https:\/\/www.caririemacao.com\/1\/wp-json\/wp\/v2\/posts"}],"about":[{"href":"https:\/\/www.caririemacao.com\/1\/wp-json\/wp\/v2\/types\/post"}],"author":[{"embeddable":true,"href":"https:\/\/www.caririemacao.com\/1\/wp-json\/wp\/v2\/users\/1"}],"replies":[{"embeddable":true,"href":"https:\/\/www.caririemacao.com\/1\/wp-json\/wp\/v2\/comments?post=141426"}],"version-history":[{"count":1,"href":"https:\/\/www.caririemacao.com\/1\/wp-json\/wp\/v2\/posts\/141426\/revisions"}],"predecessor-version":[{"id":141427,"href":"https:\/\/www.caririemacao.com\/1\/wp-json\/wp\/v2\/posts\/141426\/revisions\/141427"}],"wp:featuredmedia":[{"embeddable":true,"href":"https:\/\/www.caririemacao.com\/1\/wp-json\/wp\/v2\/media\/10249"}],"wp:attachment":[{"href":"https:\/\/www.caririemacao.com\/1\/wp-json\/wp\/v2\/media?parent=141426"}],"wp:term":[{"taxonomy":"category","embeddable":true,"href":"https:\/\/www.caririemacao.com\/1\/wp-json\/wp\/v2\/categories?post=141426"},{"taxonomy":"post_tag","embeddable":true,"href":"https:\/\/www.caririemacao.com\/1\/wp-json\/wp\/v2\/tags?post=141426"}],"curies":[{"name":"wp","href":"https:\/\/api.w.org\/{rel}","templated":true}]}}