{"id":141430,"date":"2019-12-18T07:46:02","date_gmt":"2019-12-18T10:46:02","guid":{"rendered":"http:\/\/www.caririemacao.com\/1\/?p=141430"},"modified":"2019-12-18T07:46:02","modified_gmt":"2019-12-18T10:46:02","slug":"estudo-brasileiro-deve-resultar-em-ferramenta-de-combate-ao-cancer","status":"publish","type":"post","link":"https:\/\/www.caririemacao.com\/1\/2019\/12\/18\/estudo-brasileiro-deve-resultar-em-ferramenta-de-combate-ao-cancer\/","title":{"rendered":"Estudo brasileiro deve resultar em ferramenta de combate ao c\u00e2ncer"},"content":{"rendered":"\n<p><br>Estudos preliminares feitos por um grupo de 11 pesquisadores brasileiros, coordenado pela professora do Departamento de Qu\u00edmica Inorg\u00e2nica da Universidade Federal Fluminense (UFF), C\u00e9lia Machado Ronconi, poder\u00e3o resultar, no futuro, em uma ferramenta efetiva para a destrui\u00e7\u00e3o de c\u00e9lulas cancer\u00edgenas.<\/p>\n\n\n\n<p>Os estudos&nbsp;<em>in vitro<\/em>&nbsp;(em laborat\u00f3rio) utilizaram c\u00e9lulas de c\u00e2ncer de mama de uma mulher de 69 anos, em parceria com o Instituto Nacional do C\u00e2ncer Jos\u00e9 de Alencar Gomes da Silva (Inca).<\/p>\n\n\n\n<p>A linha de pesquisa foi o desenvolvimento de sistema de transporte de f\u00e1rmacos, utilizando a doxorrubicina, um f\u00e1rmaco t\u00f3xico usado para v\u00e1rios tipos de c\u00e2ncer. \u201cA gente sabe que os f\u00e1rmacos de c\u00e2ncer n\u00e3o s\u00e3o seletivos. Eles atacam tanto a c\u00e9lula tumoral quanto a sadia\u201d, disse C\u00e9lia Ronconi.<\/p>\n\n\n\n<figure class=\"wp-block-image\"><img decoding=\"async\" data-src=\"https:\/\/paraibaonline.com.br\/wp-content\/uploads\/2019\/12\/cancer-mama1712-1.jpg\" alt=\"Foto: Divulga\u00e7\u00e3o\/Sociedade Brasileira de Mastologia\" class=\"wp-image-825574 lazyload\" src=\"data:image\/svg+xml;base64,PHN2ZyB3aWR0aD0iMSIgaGVpZ2h0PSIxIiB4bWxucz0iaHR0cDovL3d3dy53My5vcmcvMjAwMC9zdmciPjwvc3ZnPg==\" \/><\/figure>\n\n\n\n<p>Foto: Divulga\u00e7\u00e3o\/Sociedade Brasileira de Mastologia<\/p>\n\n\n\n<p>A ideia do grupo foi desenvolver um mecanismo em que o f\u00e1rmaco s\u00f3 fosse liberado na presen\u00e7a da c\u00e9lula tumoral, \u201cpara ver se o prot\u00f3tipo ia funcionar\u201d. Foi desenvolvida ent\u00e3o uma esp\u00e9cie de reservat\u00f3rio em escala nanom\u00e9trica, no qual foi colocado o f\u00e1rmaco (doxorrubicina). \u201cA\u00ed, a gente tampa esse reservat\u00f3rio como se fosse uma v\u00e1lvula mesmo\u201d, explicou C\u00e9lia. Os pesquisadores usaram um composto grande para cobrir totalmente a superf\u00edcie do reservat\u00f3rio.<\/p>\n\n\n\n<p>C\u00e9lia Ronconi informou que o f\u00e1rmaco n\u00e3o vaza. Ele fica preso dentro do reservat\u00f3rio. Quando ele encontra um PH mais \u00e1cido \u2013 como o das c\u00e9lulas de c\u00e2ncer, que varia entre 4.5 e 5.5, a tampa do nanorreservat\u00f3rio \u00e9 liberada.<\/p>\n\n\n\n<p>\u201cNa superf\u00edcie desse material, n\u00f3s colocamos grupos que reagissem a esse PH mais \u00e1cido, de maneira que a tampa se soltasse\u201d. Em uma linguagem mais simples, isso quer dizer que a tampa s\u00f3 abre quando o meio est\u00e1 \u00e1cido, ou seja, quando ele chega \u00e0 c\u00e9lula tumoral.<\/p>\n\n\n\n<p>Os ensaios&nbsp;<em>in vitro<\/em>, em que os pesquisadores cresceram as c\u00e9lulas isoladas de c\u00e2ncer, resultaram em estudos de viabilidade celular, para ver o quanto esse dispositivo, carregado com o f\u00e1rmaco, seria t\u00f3xico para essas c\u00e9lulas.<\/p>\n\n\n\n<p>\u201cDeu um resultado bem surpreendente. A gente conseguiu redu\u00e7\u00e3o de 92% na viabilidade celular. Ou seja, ele matou 92% das c\u00e9lulas de c\u00e2ncer de mama\u201d. C\u00e9lia Ronconi chamou a aten\u00e7\u00e3o para o fato de que o f\u00e1rmaco usado puro, na mesma concentra\u00e7\u00e3o, matou s\u00f3 70% dessas c\u00e9lulas.<\/p>\n\n\n\n<p>\u201cO nosso sistema foi mais t\u00f3xico, carregado com o f\u00e1rmaco\u201d. Puro, o f\u00e1rmaco apresentou baixa toxicidade. Os pesquisadores pretendem investigar porque o efeito \u00e9 maior do f\u00e1rmaco no nanorreservat\u00f3rio do que o f\u00e1rmaco puro.<\/p>\n\n\n\n<p>A pr\u00f3xima etapa da pesquisa dever\u00e1 ser iniciada em 2020 e envolve n\u00e3o s\u00f3 ensaios com c\u00e9lulas sadias, mas tamb\u00e9m&nbsp;<em>in vivo<\/em>, isto \u00e9, com animais, usando camundongos imunodeficientes. H\u00e1 ideia tamb\u00e9m de fazer ensaios com outros tipos de c\u00e2ncer.<\/p>\n\n\n\n<p>C\u00e9lia afirmou que o resultado obtido at\u00e9 agora \u00e9 muito promissor e anima os pesquisadores a seguir adiante com os estudos. Somente ap\u00f3s a realiza\u00e7\u00e3o de todos os estudos, se poder\u00e1 afirmar que o nanorreservat\u00f3rio poder\u00e1 ser utilizado no tratamento de pacientes com c\u00e2ncer.<\/p>\n\n\n\n<p>\u201cAinda falta muita coisa para ser feita. Tem um protocolo a ser seguido\u201d, lembrou. \u201cMas os resultados foram muito promissores\u201d.<\/p>\n\n\n\n<p>Na avalia\u00e7\u00e3o da coordenadora da pesquisa, a import\u00e2ncia maior do nanorreservat\u00f3rio antic\u00e2ncer \u00e9 diminuir os efeitos que a droga causa, porque a droga n\u00e3o \u00e9 seletiva. Ela vai tanto para as c\u00e9lulas sadias, quanto para as c\u00e9lulas de c\u00e2ncer.<\/p>\n\n\n\n<p>\u201cA nossa ideia \u00e9 fazer com que o reservat\u00f3rio s\u00f3 v\u00e1 liberar o f\u00e1rmaco quando encontrar a c\u00e9lula de c\u00e2ncer. Eu projetei o reservat\u00f3rio s\u00f3 para abrir com PH \u00e1cido, que \u00e9 o PH da c\u00e9lula de c\u00e2ncer\u201d.<\/p>\n\n\n\n<p>A pesquisa trabalha com a perspectiva de o nanorreservat\u00f3rio poder ser injetado no corpo humano para atuar em tumores mais localizados, onde liberaria seu conte\u00fado, que \u00e9 o f\u00e1rmaco. C\u00e9lia admitiu que isso pode ocorrer, \u201cem princ\u00edpio\u201d. Mas insistiu que essa possibilidade ainda n\u00e3o foi estudada a fundo. \u201cHaveria essa possibilidade. Mas n\u00e3o estudei isso ainda\u201d.<\/p>\n\n\n\n<p>A pesquisa levou aproximadamente dois anos e foi parte do trabalho de doutorado de Evelyn Santos, aluna da UFF. Um artigo sobre os resultados dos ensaios&nbsp;<em>in vitro<\/em>&nbsp;foi publicado pelo grupo pesquisadores na \u00faltima semana, na revista brit\u00e2nica&nbsp;<em>Journal of Materials Chemistry B,&nbsp;<\/em>da Royal Society of Chemistry, sociedade fundada em 1848.<\/p>\n\n\n\n<p>O grupo re\u00fane pesquisadores da UFF, do Inca e do Centro Brasileiro de Pesquisas F\u00edsicas (CBPF). O estudo recebeu investimentos da Funda\u00e7\u00e3o Carlos Chagas Filho de Amparo \u00e0 Pesquisa do Rio de Janeiro (Faperj).<\/p>\n","protected":false},"excerpt":{"rendered":"<p>Estudos preliminares feitos por um grupo de 11 pesquisadores brasileiros, coordenado pela professora do Departamento de Qu\u00edmica Inorg\u00e2nica da Universidade Federal Fluminense (UFF), C\u00e9lia Machado&hellip; <\/p>\n","protected":false},"author":1,"featured_media":141431,"comment_status":"closed","ping_status":"closed","sticky":false,"template":"","format":"standard","meta":{"sfsi_plus_gutenberg_text_before_share":"","sfsi_plus_gutenberg_show_text_before_share":"","sfsi_plus_gutenberg_icon_type":"","sfsi_plus_gutenberg_icon_alignemt":"","sfsi_plus_gutenburg_max_per_row":"","footnotes":""},"categories":[16],"tags":[],"class_list":["post-141430","post","type-post","status-publish","format-standard","has-post-thumbnail","hentry","category-saude"],"_links":{"self":[{"href":"https:\/\/www.caririemacao.com\/1\/wp-json\/wp\/v2\/posts\/141430","targetHints":{"allow":["GET"]}}],"collection":[{"href":"https:\/\/www.caririemacao.com\/1\/wp-json\/wp\/v2\/posts"}],"about":[{"href":"https:\/\/www.caririemacao.com\/1\/wp-json\/wp\/v2\/types\/post"}],"author":[{"embeddable":true,"href":"https:\/\/www.caririemacao.com\/1\/wp-json\/wp\/v2\/users\/1"}],"replies":[{"embeddable":true,"href":"https:\/\/www.caririemacao.com\/1\/wp-json\/wp\/v2\/comments?post=141430"}],"version-history":[{"count":1,"href":"https:\/\/www.caririemacao.com\/1\/wp-json\/wp\/v2\/posts\/141430\/revisions"}],"predecessor-version":[{"id":141432,"href":"https:\/\/www.caririemacao.com\/1\/wp-json\/wp\/v2\/posts\/141430\/revisions\/141432"}],"wp:featuredmedia":[{"embeddable":true,"href":"https:\/\/www.caririemacao.com\/1\/wp-json\/wp\/v2\/media\/141431"}],"wp:attachment":[{"href":"https:\/\/www.caririemacao.com\/1\/wp-json\/wp\/v2\/media?parent=141430"}],"wp:term":[{"taxonomy":"category","embeddable":true,"href":"https:\/\/www.caririemacao.com\/1\/wp-json\/wp\/v2\/categories?post=141430"},{"taxonomy":"post_tag","embeddable":true,"href":"https:\/\/www.caririemacao.com\/1\/wp-json\/wp\/v2\/tags?post=141430"}],"curies":[{"name":"wp","href":"https:\/\/api.w.org\/{rel}","templated":true}]}}