{"id":141436,"date":"2019-12-18T07:51:03","date_gmt":"2019-12-18T10:51:03","guid":{"rendered":"http:\/\/www.caririemacao.com\/1\/?p=141436"},"modified":"2019-12-18T07:51:03","modified_gmt":"2019-12-18T10:51:03","slug":"governador-exonera-secretarios-edvaldo-rosas-e-claudia-veras","status":"publish","type":"post","link":"https:\/\/www.caririemacao.com\/1\/2019\/12\/18\/governador-exonera-secretarios-edvaldo-rosas-e-claudia-veras\/","title":{"rendered":"Governador exonera secret\u00e1rios Edvaldo Rosas e Cl\u00e1udia Veras"},"content":{"rendered":"\n<p>O governador Jo\u00e3o Azev\u00eado exonerou os secret\u00e1rios Edvaldo Rosas e Cl\u00e1udia Veras. A exonera\u00e7\u00e3o foi publicada no Di\u00e1rio Oficial desta quarta-feira (18).<\/p>\n\n\n\n<p>Edvaldo Rosas era Secret\u00e1rio Chefe do Governo e Cl\u00e1udia Secret\u00e1ria Executiva da Secretaria de Estado do Desenvolvimento e da Articula\u00e7\u00e3o Municipal.<\/p>\n\n\n\n<figure class=\"wp-block-image\"><img decoding=\"async\" data-src=\"https:\/\/www.clickpb.com.br\/media\/filer_public\/c3\/05\/c3051e75-64ef-4b69-983c-583ffc66a71e\/img-20191218-wa0002.jpg\" alt=\"\" src=\"data:image\/svg+xml;base64,PHN2ZyB3aWR0aD0iMSIgaGVpZ2h0PSIxIiB4bWxucz0iaHR0cDovL3d3dy53My5vcmcvMjAwMC9zdmciPjwvc3ZnPg==\" class=\"lazyload\" \/><\/figure>\n\n\n\n<p>A exonera\u00e7\u00e3o dos secret\u00e1rios acontece ap\u00f3s a deflagra\u00e7\u00e3o da nova fase da Opera\u00e7\u00e3o Calv\u00e1rio, o Ju\u00edzo Final, que aconteceu nesta ter\u00e7a-feira (17).<\/p>\n\n\n\n<p>\u00a0Veras teve a\u00a0pris\u00e3o preventiva decretada pelo desembargador Ricardo Vital, do Tribunal de Justi\u00e7a da Para\u00edba.\u00a0 Ela passar\u00e1 por audi\u00eancia de cust\u00f3dia nesta quarta-feira (18).<\/p>\n\n\n\n<p>Al\u00e9m de Cl\u00e1udia, tiveram pris\u00e3o decretada,\u00a0o ex-governador Ricardo Coutinho, o irm\u00e3o dele Coriolano Coutinho, a deputada estadual Estela Bezerra, a prefeita do Conde M\u00e1rcia Lucena e mais 12 pessoas.\u00a0<\/p>\n","protected":false},"excerpt":{"rendered":"<p>O governador Jo\u00e3o Azev\u00eado exonerou os secret\u00e1rios Edvaldo Rosas e Cl\u00e1udia Veras. A exonera\u00e7\u00e3o foi publicada no Di\u00e1rio Oficial desta quarta-feira (18). Edvaldo Rosas era&hellip; <\/p>\n","protected":false},"author":1,"featured_media":141437,"comment_status":"closed","ping_status":"closed","sticky":false,"template":"","format":"standard","meta":{"sfsi_plus_gutenberg_text_before_share":"","sfsi_plus_gutenberg_show_text_before_share":"","sfsi_plus_gutenberg_icon_type":"","sfsi_plus_gutenberg_icon_alignemt":"","sfsi_plus_gutenburg_max_per_row":"","footnotes":""},"categories":[11],"tags":[],"class_list":["post-141436","post","type-post","status-publish","format-standard","has-post-thumbnail","hentry","category-politica"],"_links":{"self":[{"href":"https:\/\/www.caririemacao.com\/1\/wp-json\/wp\/v2\/posts\/141436","targetHints":{"allow":["GET"]}}],"collection":[{"href":"https:\/\/www.caririemacao.com\/1\/wp-json\/wp\/v2\/posts"}],"about":[{"href":"https:\/\/www.caririemacao.com\/1\/wp-json\/wp\/v2\/types\/post"}],"author":[{"embeddable":true,"href":"https:\/\/www.caririemacao.com\/1\/wp-json\/wp\/v2\/users\/1"}],"replies":[{"embeddable":true,"href":"https:\/\/www.caririemacao.com\/1\/wp-json\/wp\/v2\/comments?post=141436"}],"version-history":[{"count":1,"href":"https:\/\/www.caririemacao.com\/1\/wp-json\/wp\/v2\/posts\/141436\/revisions"}],"predecessor-version":[{"id":141438,"href":"https:\/\/www.caririemacao.com\/1\/wp-json\/wp\/v2\/posts\/141436\/revisions\/141438"}],"wp:featuredmedia":[{"embeddable":true,"href":"https:\/\/www.caririemacao.com\/1\/wp-json\/wp\/v2\/media\/141437"}],"wp:attachment":[{"href":"https:\/\/www.caririemacao.com\/1\/wp-json\/wp\/v2\/media?parent=141436"}],"wp:term":[{"taxonomy":"category","embeddable":true,"href":"https:\/\/www.caririemacao.com\/1\/wp-json\/wp\/v2\/categories?post=141436"},{"taxonomy":"post_tag","embeddable":true,"href":"https:\/\/www.caririemacao.com\/1\/wp-json\/wp\/v2\/tags?post=141436"}],"curies":[{"name":"wp","href":"https:\/\/api.w.org\/{rel}","templated":true}]}}