{"id":141451,"date":"2019-12-18T07:58:18","date_gmt":"2019-12-18T10:58:18","guid":{"rendered":"http:\/\/www.caririemacao.com\/1\/?p=141451"},"modified":"2019-12-18T07:58:18","modified_gmt":"2019-12-18T10:58:18","slug":"camara-aprova-mp-que-garante-pensao-a-criancas-afetadas-por-virus-zika","status":"publish","type":"post","link":"https:\/\/www.caririemacao.com\/1\/2019\/12\/18\/camara-aprova-mp-que-garante-pensao-a-criancas-afetadas-por-virus-zika\/","title":{"rendered":"C\u00e2mara aprova MP que garante pens\u00e3o a crian\u00e7as afetadas por v\u00edrus Zika"},"content":{"rendered":"\n<p>A C\u00e2mara dos Deputados aprovou, nesta ter\u00e7a-feira (17), a medida provis\u00f3ria que estabelece o pagamento de pens\u00e3o mensal vital\u00edcia, no valor de um sal\u00e1rio m\u00ednimo, para crian\u00e7as v\u00edtimas de microcefalia decorrente do v\u00edrus Zika. A mat\u00e9ria segue para o Senado.<\/p>\n\n\n\n<p>De acordo com o projeto de lei de convers\u00e3o do relator, senador Izalci Lucas (PSDB-DF), a medida beneficiar\u00e1 crian\u00e7as afetadas pelo v\u00edrus e nascidas entre 1\u00b0 de janeiro de 2015 e 31 de dezembro de 2019. Originalmente, a Medida Provis\u00f3ria (MP) 894\/19 limitava o benef\u00edcio \u00e0s crian\u00e7as nascidas at\u00e9 dezembro de 2018. A mudan\u00e7a do per\u00edodo foi aprovada na comiss\u00e3o mista por unanimidade entre todos os partidos que comp\u00f5em o colegiado.<\/p>\n\n\n\n<p>\u201cEssas crian\u00e7as exigem de suas m\u00e3es a necessidade de elas abandonarem o emprego para criar e cuidar de seus filhos. S\u00f3 um parlamentar que conhece e j\u00e1 viu essa imagem ou teve a oportunidade de estar pr\u00f3ximo de uma crian\u00e7a com microcefalia sabe do que estamos falando\u201d, argumentou a deputada Carmen Zanotto (Cidadania-SC).<\/p>\n\n\n\n<p>Para obter a pens\u00e3o, a pessoa que se enquadrar nos crit\u00e9rios dever\u00e1 requerer ao Instituto Nacional do Seguro Social (INSS). O procedimento vai envolver uma avalia\u00e7\u00e3o da condi\u00e7\u00e3o da crian\u00e7a por meio de per\u00edcia m\u00e9dica, que examinar\u00e1 a rela\u00e7\u00e3o entre a microcefalia e o v\u00edrus Zika.<\/p>\n\n\n\n<p>O objetivo do governo federal ao editar a medida \u00e9 assegurar a pens\u00e3o como substituto do BPC, permitindo que os pais de crian\u00e7as nessas condi\u00e7\u00f5es possam trabalhar sem perder o apoio do Estado.<\/p>\n\n\n\n<p>At\u00e9 ent\u00e3o, para fazer jus ao BPC os pais deveriam estar na faixa de renda de at\u00e9 25% do sal\u00e1rio-m\u00ednimo. Se obtivessem um emprego, sairiam desta faixa e deixariam de receber o benef\u00edcio. Com a MP, as pessoas hoje inscritas nesse aux\u00edlio e que atendem aos crit\u00e9rios estabelecidos no texto podem manter a pens\u00e3o especial e procurar uma vaga no mercado sem o risco de ficar sem recurso.<\/p>\n","protected":false},"excerpt":{"rendered":"<p>A C\u00e2mara dos Deputados aprovou, nesta ter\u00e7a-feira (17), a medida provis\u00f3ria que estabelece o pagamento de pens\u00e3o mensal vital\u00edcia, no valor de um sal\u00e1rio m\u00ednimo,&hellip; <\/p>\n","protected":false},"author":1,"featured_media":109128,"comment_status":"closed","ping_status":"closed","sticky":false,"template":"","format":"standard","meta":{"sfsi_plus_gutenberg_text_before_share":"","sfsi_plus_gutenberg_show_text_before_share":"","sfsi_plus_gutenberg_icon_type":"","sfsi_plus_gutenberg_icon_alignemt":"","sfsi_plus_gutenburg_max_per_row":"","footnotes":""},"categories":[11],"tags":[],"class_list":["post-141451","post","type-post","status-publish","format-standard","has-post-thumbnail","hentry","category-politica"],"_links":{"self":[{"href":"https:\/\/www.caririemacao.com\/1\/wp-json\/wp\/v2\/posts\/141451","targetHints":{"allow":["GET"]}}],"collection":[{"href":"https:\/\/www.caririemacao.com\/1\/wp-json\/wp\/v2\/posts"}],"about":[{"href":"https:\/\/www.caririemacao.com\/1\/wp-json\/wp\/v2\/types\/post"}],"author":[{"embeddable":true,"href":"https:\/\/www.caririemacao.com\/1\/wp-json\/wp\/v2\/users\/1"}],"replies":[{"embeddable":true,"href":"https:\/\/www.caririemacao.com\/1\/wp-json\/wp\/v2\/comments?post=141451"}],"version-history":[{"count":1,"href":"https:\/\/www.caririemacao.com\/1\/wp-json\/wp\/v2\/posts\/141451\/revisions"}],"predecessor-version":[{"id":141452,"href":"https:\/\/www.caririemacao.com\/1\/wp-json\/wp\/v2\/posts\/141451\/revisions\/141452"}],"wp:featuredmedia":[{"embeddable":true,"href":"https:\/\/www.caririemacao.com\/1\/wp-json\/wp\/v2\/media\/109128"}],"wp:attachment":[{"href":"https:\/\/www.caririemacao.com\/1\/wp-json\/wp\/v2\/media?parent=141451"}],"wp:term":[{"taxonomy":"category","embeddable":true,"href":"https:\/\/www.caririemacao.com\/1\/wp-json\/wp\/v2\/categories?post=141451"},{"taxonomy":"post_tag","embeddable":true,"href":"https:\/\/www.caririemacao.com\/1\/wp-json\/wp\/v2\/tags?post=141451"}],"curies":[{"name":"wp","href":"https:\/\/api.w.org\/{rel}","templated":true}]}}