{"id":141455,"date":"2019-12-18T08:00:18","date_gmt":"2019-12-18T11:00:18","guid":{"rendered":"http:\/\/www.caririemacao.com\/1\/?p=141455"},"modified":"2019-12-18T08:00:18","modified_gmt":"2019-12-18T11:00:18","slug":"jf-e-tj-da-pb-funcionarao-em-regime-de-plantao-a-partir-de-sexta-feira","status":"publish","type":"post","link":"https:\/\/www.caririemacao.com\/1\/2019\/12\/18\/jf-e-tj-da-pb-funcionarao-em-regime-de-plantao-a-partir-de-sexta-feira\/","title":{"rendered":"JF e TJ da PB funcionar\u00e3o em regime de plant\u00e3o a partir de sexta-feira"},"content":{"rendered":"\n<p>A Justi\u00e7a Federal na Para\u00edba (JFPB) e Estadual iniciam na pr\u00f3xima sexta-feira, dia 20\/12, o recesso forense do judici\u00e1rio, que se estender\u00e1 at\u00e9 o dia 06\/01\/2020. Durante esse per\u00edodo, a Se\u00e7\u00e3o Judici\u00e1ria paraibana funcionar\u00e1 em regime de plant\u00e3o, em que apenas ser\u00e3o apreciadas a\u00e7\u00f5es em que sejam reclamadas provid\u00eancias urgentes que visem evitar o perecimento de direito ou assegurar a liberdade de locomo\u00e7\u00e3o. O expediente forense e administrativo ser\u00e1 retomado normalmente no dia 07\/01.<br><\/p>\n\n\n\n<p>Durante o recesso 2019\/2020, o Plant\u00e3o Judici\u00e1rio ser\u00e1 regionalizado nas cidades de Jo\u00e3o Pessoa (F\u00f3runs da sede e Guarabira) e Campina Grande (F\u00f3runs de Campina Grande, Monteiro, Patos e Sousa), onde ser\u00e3o mantidos servidores plantonistas para recebimento dos pedidos urgentes dirigidos \u00e0queles ju\u00edzos e encaminhamento ao magistrado plantonista.<\/p>\n\n\n\n<p>\u00c9 importante destacar que, conforme prev\u00ea o art. 220 do Novo C\u00f3digo de Processo Civil (CPC), at\u00e9 o dia 20\/01, os processos c\u00edveis ter\u00e3o seus prazos suspensos e n\u00e3o ser\u00e3o realizadas audi\u00eancias ou sess\u00f5es de julgamentos desses feitos. Os prazos das audi\u00eancias nos processos penais transcorrer\u00e3o normalmente a partir do dia 07\/01, primeiro dia \u00fatil ap\u00f3s o per\u00edodo de recesso forense.<\/p>\n\n\n\n<p>&nbsp; &nbsp; &nbsp; &nbsp; &nbsp;Os telefones para atendimento do Plant\u00e3o Judici\u00e1rio s\u00e3o os seguintes:<\/p>\n\n\n\n<p>&nbsp; &nbsp; &nbsp; &nbsp; &nbsp;\u2043&nbsp; &nbsp; &nbsp; &nbsp; Jo\u00e3o Pessoa (F\u00f3runs da sede e Guarabira): 83-99982-3061<\/p>\n\n\n\n<p>&nbsp; &nbsp; &nbsp; &nbsp; &nbsp;\u2043&nbsp; &nbsp; &nbsp; &nbsp; Campina Grande (F\u00f3runs de Campina Grande, Monteiro, Patos e Sousa): 83-99971-4708.<\/p>\n","protected":false},"excerpt":{"rendered":"<p>A Justi\u00e7a Federal na Para\u00edba (JFPB) e Estadual iniciam na pr\u00f3xima sexta-feira, dia 20\/12, o recesso forense do judici\u00e1rio, que se estender\u00e1 at\u00e9 o dia&hellip; <\/p>\n","protected":false},"author":1,"featured_media":64061,"comment_status":"closed","ping_status":"closed","sticky":false,"template":"","format":"standard","meta":{"sfsi_plus_gutenberg_text_before_share":"","sfsi_plus_gutenberg_show_text_before_share":"","sfsi_plus_gutenberg_icon_type":"","sfsi_plus_gutenberg_icon_alignemt":"","sfsi_plus_gutenburg_max_per_row":"","footnotes":""},"categories":[2],"tags":[],"class_list":["post-141455","post","type-post","status-publish","format-standard","has-post-thumbnail","hentry","category-geral"],"_links":{"self":[{"href":"https:\/\/www.caririemacao.com\/1\/wp-json\/wp\/v2\/posts\/141455","targetHints":{"allow":["GET"]}}],"collection":[{"href":"https:\/\/www.caririemacao.com\/1\/wp-json\/wp\/v2\/posts"}],"about":[{"href":"https:\/\/www.caririemacao.com\/1\/wp-json\/wp\/v2\/types\/post"}],"author":[{"embeddable":true,"href":"https:\/\/www.caririemacao.com\/1\/wp-json\/wp\/v2\/users\/1"}],"replies":[{"embeddable":true,"href":"https:\/\/www.caririemacao.com\/1\/wp-json\/wp\/v2\/comments?post=141455"}],"version-history":[{"count":1,"href":"https:\/\/www.caririemacao.com\/1\/wp-json\/wp\/v2\/posts\/141455\/revisions"}],"predecessor-version":[{"id":141456,"href":"https:\/\/www.caririemacao.com\/1\/wp-json\/wp\/v2\/posts\/141455\/revisions\/141456"}],"wp:featuredmedia":[{"embeddable":true,"href":"https:\/\/www.caririemacao.com\/1\/wp-json\/wp\/v2\/media\/64061"}],"wp:attachment":[{"href":"https:\/\/www.caririemacao.com\/1\/wp-json\/wp\/v2\/media?parent=141455"}],"wp:term":[{"taxonomy":"category","embeddable":true,"href":"https:\/\/www.caririemacao.com\/1\/wp-json\/wp\/v2\/categories?post=141455"},{"taxonomy":"post_tag","embeddable":true,"href":"https:\/\/www.caririemacao.com\/1\/wp-json\/wp\/v2\/tags?post=141455"}],"curies":[{"name":"wp","href":"https:\/\/api.w.org\/{rel}","templated":true}]}}