{"id":141459,"date":"2019-12-18T08:02:32","date_gmt":"2019-12-18T11:02:32","guid":{"rendered":"http:\/\/www.caririemacao.com\/1\/?p=141459"},"modified":"2019-12-18T08:02:32","modified_gmt":"2019-12-18T11:02:32","slug":"em-resposta-a-bolsonaro-senado-aprova-homenagem-a-paulo-freire","status":"publish","type":"post","link":"https:\/\/www.caririemacao.com\/1\/2019\/12\/18\/em-resposta-a-bolsonaro-senado-aprova-homenagem-a-paulo-freire\/","title":{"rendered":"Em resposta a Bolsonaro, Senado aprova homenagem a Paulo Freire"},"content":{"rendered":"\n<p>Os senadores aprovaram nesta ter\u00e7a-feira (17) um requerimento para a realiza\u00e7\u00e3o de uma sess\u00e3o solene em homenagem ao educador Paulo Freire, chamado pelo presidente Jair Bolsonaro (Sem partido) de &#8220;energ\u00fameno&#8221;.\u00a0<\/p>\n\n\n\n<p>O coment\u00e1rio negativo foi feito na manh\u00e3 de ontem, quando Bolsonaro defendia o fim da parceria do Minist\u00e9rio da Educa\u00e7\u00e3o (MEC) com a TV Escola. &#8220;Tem muito formado aqui em cima dessa filosofia do Paulo Freire. Esse energ\u00fameno a\u00ed, \u00eddolo da esquerda&#8221;, afirmou na ocasi\u00e3o.<\/p>\n\n\n\n<p>Na sess\u00e3o que aprovou o requerimento, os senadores defenderam o educador e pediram para o presidente Bolsonaro ler as obras produzidas por Paulo Freire, considerado patrono da Educa\u00e7\u00e3o no Brasil.<br><\/p>\n\n\n\n<p>&#8220;Eu queria sugerir ao presidente da Rep\u00fablica que procedesse a leitura de algumas obras de Paulo Freire, como Educa\u00e7\u00e3o como Pr\u00e1tica e Liberdade, Pedagogia do Oprimido, Pedagogia da Autonomia, Pedagogia da Indigna\u00e7\u00e3o&#8221;, disse Fabiano Contarato (Rede-ES).<\/p>\n\n\n\n<p>&nbsp;O senador defendeu que a culpa da educa\u00e7\u00e3o brasileira estar um &#8220;caos&#8221; n\u00e3o \u00e9 de Paulo Freire, mas do presidente. &#8220;Energ\u00fameno \u00e9 um presidente mis\u00f3gino, preconceituoso, sexista, homof\u00f3bico, racista&#8221;, completou.<\/p>\n\n\n\n<p>J\u00e1 Randolfe Rodrigues (Rede-AP) lembrou o reconhecimento internacional do educador e fez uma compara\u00e7\u00e3o da import\u00e2ncia hist\u00f3rica entre Bolsonaro e Paulo Freire. &#8220;O lugar de um: o pante\u00e3o dos her\u00f3is da hist\u00f3ria; o lugar de outro: a lata do lixo da hist\u00f3ria a que ele caminha a passos largos&#8221;, disse.<\/p>\n\n\n\n<p>Respons\u00e1vel nominal pelo requerimento da sess\u00e3o, o senador Weverton (PDT-MA) afirmou que &#8220;homenagear Paulo Freire \u00e9 reconhecer a pr\u00f3pria hist\u00f3ria do Brasil&#8221;. &#8220;N\u00e3o \u00e9 os muros das universidades que, apenas para dentro, precisam se indignar com essa tamanha agress\u00e3o ao mestre da educa\u00e7\u00e3o, mas, sim, qualquer homem e mulher que sabe que, um dia, n\u00f3s podemos ser melhores se praticarmos o bem&#8221;, afirmou.<\/p>\n","protected":false},"excerpt":{"rendered":"<p>Os senadores aprovaram nesta ter\u00e7a-feira (17) um requerimento para a realiza\u00e7\u00e3o de uma sess\u00e3o solene em homenagem ao educador Paulo Freire, chamado pelo presidente Jair&hellip; <\/p>\n","protected":false},"author":1,"featured_media":141460,"comment_status":"closed","ping_status":"closed","sticky":false,"template":"","format":"standard","meta":{"sfsi_plus_gutenberg_text_before_share":"","sfsi_plus_gutenberg_show_text_before_share":"","sfsi_plus_gutenberg_icon_type":"","sfsi_plus_gutenberg_icon_alignemt":"","sfsi_plus_gutenburg_max_per_row":"","footnotes":""},"categories":[11],"tags":[],"class_list":["post-141459","post","type-post","status-publish","format-standard","has-post-thumbnail","hentry","category-politica"],"_links":{"self":[{"href":"https:\/\/www.caririemacao.com\/1\/wp-json\/wp\/v2\/posts\/141459","targetHints":{"allow":["GET"]}}],"collection":[{"href":"https:\/\/www.caririemacao.com\/1\/wp-json\/wp\/v2\/posts"}],"about":[{"href":"https:\/\/www.caririemacao.com\/1\/wp-json\/wp\/v2\/types\/post"}],"author":[{"embeddable":true,"href":"https:\/\/www.caririemacao.com\/1\/wp-json\/wp\/v2\/users\/1"}],"replies":[{"embeddable":true,"href":"https:\/\/www.caririemacao.com\/1\/wp-json\/wp\/v2\/comments?post=141459"}],"version-history":[{"count":1,"href":"https:\/\/www.caririemacao.com\/1\/wp-json\/wp\/v2\/posts\/141459\/revisions"}],"predecessor-version":[{"id":141461,"href":"https:\/\/www.caririemacao.com\/1\/wp-json\/wp\/v2\/posts\/141459\/revisions\/141461"}],"wp:featuredmedia":[{"embeddable":true,"href":"https:\/\/www.caririemacao.com\/1\/wp-json\/wp\/v2\/media\/141460"}],"wp:attachment":[{"href":"https:\/\/www.caririemacao.com\/1\/wp-json\/wp\/v2\/media?parent=141459"}],"wp:term":[{"taxonomy":"category","embeddable":true,"href":"https:\/\/www.caririemacao.com\/1\/wp-json\/wp\/v2\/categories?post=141459"},{"taxonomy":"post_tag","embeddable":true,"href":"https:\/\/www.caririemacao.com\/1\/wp-json\/wp\/v2\/tags?post=141459"}],"curies":[{"name":"wp","href":"https:\/\/api.w.org\/{rel}","templated":true}]}}