{"id":141469,"date":"2019-12-18T08:16:46","date_gmt":"2019-12-18T11:16:46","guid":{"rendered":"http:\/\/www.caririemacao.com\/1\/?p=141469"},"modified":"2019-12-18T08:16:46","modified_gmt":"2019-12-18T11:16:46","slug":"instagram-vai-comecar-a-avisar-usuarios-quando-legendas-de-fotos-forem-ofensivas","status":"publish","type":"post","link":"https:\/\/www.caririemacao.com\/1\/2019\/12\/18\/instagram-vai-comecar-a-avisar-usuarios-quando-legendas-de-fotos-forem-ofensivas\/","title":{"rendered":"Instagram vai come\u00e7ar a avisar usu\u00e1rios quando legendas de fotos forem ofensivas"},"content":{"rendered":"\n<p><\/p>\n\n\n\n<p>O Instagram anunciou nesta segunda-feira (16) que vai come\u00e7ar a avisar usu\u00e1rios quando uma legenda para uma foto for considerada ofensiva, antes mesmo de ela ser publicada.<\/p>\n\n\n\n<p>A rede social ir\u00e1 utilizar uma intelig\u00eancia artificial para enviar uma mensagem, pedindo que o usu\u00e1rio repense o texto da legenda. Esse recurso est\u00e1 dispon\u00edvel para coment\u00e1rios, que tamb\u00e9m enviam uma notifica\u00e7\u00e3o caso o conte\u00fado seja ofensivo, e funciona com base em conte\u00fados e termos denunciados com frequ\u00eancia.<\/p>\n\n\n\n<p>Instagram afirmou que esse recurso ainda n\u00e3o est\u00e1 dispon\u00edvel no Brasil e que come\u00e7a a funcionar apenas em alguns pa\u00edses.<\/p>\n\n\n\n<p>Segundo o Instagram, a iniciativa \u00e9 parte dos esfor\u00e7os de \u201ccombate ao bullying\u201d. A empresa anunciou oficialmente essa postura durante a F8, a confer\u00eancia para desenvolvedores do Facebook, que aconteceu em maio.<\/p>\n\n\n\n<p>De l\u00e1 pra c\u00e1, a empresa j\u00e1 retirou a contagem de curtidas em diversos pa\u00edses e tamb\u00e9m removeu outras fun\u00e7\u00f5es da plataforma, como a possibilidade de ver o que os amigos haviam curtido.<\/p>\n\n\n\n<p>\u201cEsse aviso ajuda a educar as pessoas sobre o que n\u00f3s n\u00e3o permitimos no Instagram, e quando uma conta possa estar sob risco de quebrar as nossas regras\u201d, disse a empresa em um comunicado oficial.<\/p>\n","protected":false},"excerpt":{"rendered":"<p>O Instagram anunciou nesta segunda-feira (16) que vai come\u00e7ar a avisar usu\u00e1rios quando uma legenda para uma foto for considerada ofensiva, antes mesmo de ela&hellip; <\/p>\n","protected":false},"author":1,"featured_media":75968,"comment_status":"closed","ping_status":"closed","sticky":false,"template":"","format":"standard","meta":{"sfsi_plus_gutenberg_text_before_share":"","sfsi_plus_gutenberg_show_text_before_share":"","sfsi_plus_gutenberg_icon_type":"","sfsi_plus_gutenberg_icon_alignemt":"","sfsi_plus_gutenburg_max_per_row":"","footnotes":""},"categories":[2],"tags":[],"class_list":["post-141469","post","type-post","status-publish","format-standard","has-post-thumbnail","hentry","category-geral"],"_links":{"self":[{"href":"https:\/\/www.caririemacao.com\/1\/wp-json\/wp\/v2\/posts\/141469","targetHints":{"allow":["GET"]}}],"collection":[{"href":"https:\/\/www.caririemacao.com\/1\/wp-json\/wp\/v2\/posts"}],"about":[{"href":"https:\/\/www.caririemacao.com\/1\/wp-json\/wp\/v2\/types\/post"}],"author":[{"embeddable":true,"href":"https:\/\/www.caririemacao.com\/1\/wp-json\/wp\/v2\/users\/1"}],"replies":[{"embeddable":true,"href":"https:\/\/www.caririemacao.com\/1\/wp-json\/wp\/v2\/comments?post=141469"}],"version-history":[{"count":1,"href":"https:\/\/www.caririemacao.com\/1\/wp-json\/wp\/v2\/posts\/141469\/revisions"}],"predecessor-version":[{"id":141470,"href":"https:\/\/www.caririemacao.com\/1\/wp-json\/wp\/v2\/posts\/141469\/revisions\/141470"}],"wp:featuredmedia":[{"embeddable":true,"href":"https:\/\/www.caririemacao.com\/1\/wp-json\/wp\/v2\/media\/75968"}],"wp:attachment":[{"href":"https:\/\/www.caririemacao.com\/1\/wp-json\/wp\/v2\/media?parent=141469"}],"wp:term":[{"taxonomy":"category","embeddable":true,"href":"https:\/\/www.caririemacao.com\/1\/wp-json\/wp\/v2\/categories?post=141469"},{"taxonomy":"post_tag","embeddable":true,"href":"https:\/\/www.caririemacao.com\/1\/wp-json\/wp\/v2\/tags?post=141469"}],"curies":[{"name":"wp","href":"https:\/\/api.w.org\/{rel}","templated":true}]}}