{"id":141479,"date":"2019-12-18T08:59:09","date_gmt":"2019-12-18T11:59:09","guid":{"rendered":"http:\/\/www.caririemacao.com\/1\/?p=141479"},"modified":"2019-12-18T08:59:09","modified_gmt":"2019-12-18T11:59:09","slug":"saude-anuncia-realocacao-de-r-12-bilhao-para-atencao-primaria","status":"publish","type":"post","link":"https:\/\/www.caririemacao.com\/1\/2019\/12\/18\/saude-anuncia-realocacao-de-r-12-bilhao-para-atencao-primaria\/","title":{"rendered":"Sa\u00fade anuncia realoca\u00e7\u00e3o de R$ 1,2 bilh\u00e3o para aten\u00e7\u00e3o prim\u00e1ria"},"content":{"rendered":"\n<p>O Minist\u00e9rio da Sa\u00fade anunciou nesta ter\u00e7a-feira (17) a realoca\u00e7\u00e3o de R$ 1,2 bilh\u00e3o para a\u00e7\u00f5es na aten\u00e7\u00e3o prim\u00e1ria, como refor\u00e7o de unidades b\u00e1sicas de sa\u00fade (UBSs), al\u00e9m de investimentos e qualifica\u00e7\u00e3o da aten\u00e7\u00e3o especializada em hospitais que fornecem esse tipo de atendimento.<\/p>\n\n\n\n<p>Desse total, R$ 740 milh\u00f5es ser\u00e3o destinados ao custeio de 858 servi\u00e7os de m\u00e9dia e alta complexidades, abrangendo 1.900 leitos, dos quais 600 em unidades de tratamento intensivo (UTIs). Os recursos se destinar\u00e3o ainda ao custeio de 510 novas ambul\u00e2ncias para o Servi\u00e7o M\u00e9dico de Atendimento de Urg\u00eancia (Samu). Mais 600 ambul\u00e2ncias passar\u00e3o por renova\u00e7\u00e3o de frota, quando o ve\u00edculo \u00e9 substitu\u00eddo por um novo.<\/p>\n\n\n\n<p>Estados e munic\u00edpios v\u00e3o receber R$ 215 milh\u00f5es para constru\u00e7\u00e3o e reforma de unidades de sa\u00fade, como postos, unidades de pronto atendimento e hospitais. Deste total, R$ 175 milh\u00f5es ser\u00e3o direcionados para 81 servi\u00e7os de aten\u00e7\u00e3o especializada e R$ 40 milh\u00f5es, para a\u00e7\u00f5es como reforma e constru\u00e7\u00e3o da aten\u00e7\u00e3o prim\u00e1ria, como UBSs.<\/p>\n\n\n\n<p>O montante j\u00e1 estava no or\u00e7amento do Minist\u00e9rio da Sa\u00fade e, segundo a assessoria da pasta, foi realocado a partir de uma s\u00e9rie de economias, como em contratos de compra de medicamentos e em mudan\u00e7as de procedimentos de gest\u00e3o.<\/p>\n\n\n\n<p>Na cerim\u00f4nia de an\u00fancio da libera\u00e7\u00e3o dos recursos, hoje em Bras\u00edlia, o ministro Luiz Henrique Mandetta falou sobre a gest\u00e3o das verbas da pasta durante o ano. \u201cEstamos \u00e0s v\u00e9speras do encerramento do primeiro ano. Esse or\u00e7amento foi confeccionado no ano anterior. Neste or\u00e7amento fizemos diversos esfor\u00e7os para chegar a um momento administrativo como este\u201d, afirmou.<\/p>\n\n\n\n<h2 class=\"wp-block-heading\">Santas casas<\/h2>\n\n\n\n<p>Dentro das verbas realocadas, R$ 200 milh\u00f5es ser\u00e3o disponibilizados para hospitais sem fins lucrativos, como as santas casas. Segundo a Federa\u00e7\u00e3o Nacional de Santas Casas, tais institui\u00e7\u00f5es realizam 50% dos atendimentos do Sistema \u00danico de Sa\u00fade (SUS) e 70%, quando considerados procedimentos e tratamentos de alta complexidade.<\/p>\n\n\n\n<p>Al\u00e9m disso, o Minist\u00e9rio da Sa\u00fade informou que zerou os pedidos de habilita\u00e7\u00e3o deste ano. Essas solicita\u00e7\u00f5es s\u00e3o os pleitos para que unidades desenvolvam determinados servi\u00e7os de atendimento, da aten\u00e7\u00e3o b\u00e1sica \u00e0 alta complexidade.<\/p>\n\n\n\n<p>\u201cPela primeira vez na hist\u00f3ria do SUS, 100% do que est\u00e1 pronto para ser publicado est\u00e1 publicado. \u00c9 dinheiro que a gente habilita e permanece, fica perene. D\u00e1 para os prefeitos a parte federal de todos os pedidos que estavam neste minist\u00e9rio\u201d, disse Mandetta.<\/p>\n\n\n\n<h2 class=\"wp-block-heading\">Or\u00e7amento<\/h2>\n\n\n\n<p>O ministro falou tamb\u00e9m sobre o or\u00e7amento da pasta para 2020. Mandetta destacou que, com a aprova\u00e7\u00e3o das novas normas, o Congresso Nacional indicar\u00e1 mais emendas impositivas, mais recursos discricion\u00e1rios da pasta. \u201cCada vez que se constr\u00f3i um posto ou hospital, \u00e9 prazeroso lan\u00e7ar e acompanhar a obra. A responsabilidade do Parlamento que vai indicar os investimentos \u00e9 tamb\u00e9m indicar o custeio\u201d, ressaltou.<\/p>\n\n\n\n<h2 class=\"wp-block-heading\">Rio de Janeiro<\/h2>\n\n\n\n<p>Mandetta abordou ainda a crise na \u00e1rea de sa\u00fade do Rio de Janeiro. Dentre os recursos realocados, R$ 56,5 milh\u00f5es ser\u00e3o repassados ao estado. Destes, R$ 47,9 milh\u00f5es corresponder\u00e3o a novas habilita\u00e7\u00f5es de servi\u00e7os, o que implica um custeio permanente, R$ 6,6 milh\u00f5es ser\u00e3o direcionados a hospitais filantr\u00f3picos e R$ 2 milh\u00f5es se destinar\u00e3o a investimentos.<\/p>\n\n\n\n<p>O ministro lembrou que, diante da crise do sistema de sa\u00fade do munic\u00edpio, foram anunciados R$ 150 milh\u00f5es para a prefeitura. Segundo Mandetta, a inten\u00e7\u00e3o \u00e9 concluir o repasse antes do fim do ano, at\u00e9 o dia 30 deste m\u00eas.<\/p>\n","protected":false},"excerpt":{"rendered":"<p>O Minist\u00e9rio da Sa\u00fade anunciou nesta ter\u00e7a-feira (17) a realoca\u00e7\u00e3o de R$ 1,2 bilh\u00e3o para a\u00e7\u00f5es na aten\u00e7\u00e3o prim\u00e1ria, como refor\u00e7o de unidades b\u00e1sicas de&hellip; <\/p>\n","protected":false},"author":1,"featured_media":141480,"comment_status":"closed","ping_status":"closed","sticky":false,"template":"","format":"standard","meta":{"sfsi_plus_gutenberg_text_before_share":"","sfsi_plus_gutenberg_show_text_before_share":"","sfsi_plus_gutenberg_icon_type":"","sfsi_plus_gutenberg_icon_alignemt":"","sfsi_plus_gutenburg_max_per_row":"","footnotes":""},"categories":[2],"tags":[],"class_list":["post-141479","post","type-post","status-publish","format-standard","has-post-thumbnail","hentry","category-geral"],"_links":{"self":[{"href":"https:\/\/www.caririemacao.com\/1\/wp-json\/wp\/v2\/posts\/141479","targetHints":{"allow":["GET"]}}],"collection":[{"href":"https:\/\/www.caririemacao.com\/1\/wp-json\/wp\/v2\/posts"}],"about":[{"href":"https:\/\/www.caririemacao.com\/1\/wp-json\/wp\/v2\/types\/post"}],"author":[{"embeddable":true,"href":"https:\/\/www.caririemacao.com\/1\/wp-json\/wp\/v2\/users\/1"}],"replies":[{"embeddable":true,"href":"https:\/\/www.caririemacao.com\/1\/wp-json\/wp\/v2\/comments?post=141479"}],"version-history":[{"count":1,"href":"https:\/\/www.caririemacao.com\/1\/wp-json\/wp\/v2\/posts\/141479\/revisions"}],"predecessor-version":[{"id":141481,"href":"https:\/\/www.caririemacao.com\/1\/wp-json\/wp\/v2\/posts\/141479\/revisions\/141481"}],"wp:featuredmedia":[{"embeddable":true,"href":"https:\/\/www.caririemacao.com\/1\/wp-json\/wp\/v2\/media\/141480"}],"wp:attachment":[{"href":"https:\/\/www.caririemacao.com\/1\/wp-json\/wp\/v2\/media?parent=141479"}],"wp:term":[{"taxonomy":"category","embeddable":true,"href":"https:\/\/www.caririemacao.com\/1\/wp-json\/wp\/v2\/categories?post=141479"},{"taxonomy":"post_tag","embeddable":true,"href":"https:\/\/www.caririemacao.com\/1\/wp-json\/wp\/v2\/tags?post=141479"}],"curies":[{"name":"wp","href":"https:\/\/api.w.org\/{rel}","templated":true}]}}