{"id":141485,"date":"2019-12-18T09:14:08","date_gmt":"2019-12-18T12:14:08","guid":{"rendered":"http:\/\/www.caririemacao.com\/1\/?p=141485"},"modified":"2019-12-18T09:14:08","modified_gmt":"2019-12-18T12:14:08","slug":"governo-da-pb-evita-merito-das-investigacoes-e-diz-que-vai-colaborar-com-a-justica","status":"publish","type":"post","link":"https:\/\/www.caririemacao.com\/1\/2019\/12\/18\/governo-da-pb-evita-merito-das-investigacoes-e-diz-que-vai-colaborar-com-a-justica\/","title":{"rendered":"Governo da PB evita m\u00e9rito das investiga\u00e7\u00f5es e diz que vai colaborar com a Justi\u00e7a"},"content":{"rendered":"\n<p>O Governo da Para\u00edba tratou, de forma sucinta, sobre a&nbsp;s\u00e9tima fase da Opera\u00e7\u00e3o Calv\u00e1rio&nbsp;em uma nota divulgada na tarde desta ter\u00e7a-feira, 17.<\/p>\n\n\n\n<p>No breve pronunciamento, o Governo limita-se a informar que mant\u00e9m a postura de colaborar com as investiga\u00e7\u00f5es da Justi\u00e7a.<\/p>\n\n\n\n<p>Na manh\u00e3 de hoje, ap\u00f3s uma&nbsp;autoriza\u00e7\u00e3o do Superior Tribunal de Justi\u00e7a (STJ),&nbsp;equipes do Minist\u00e9rio P\u00fablico da Para\u00edba, da Pol\u00edcia Federal e da Controladoria-Geral da Uni\u00e3o cumpriram mandados de busca e apreens\u00e3o na Granja Santana, resid\u00eancia oficial do governador Jo\u00e3o Azev\u00eado, e no Pal\u00e1cio da Reden\u00e7\u00e3o.<\/p>\n\n\n\n<p><strong>Leia a \u00edntegra da nota:<\/strong><\/p>\n\n\n\n<p><em>\u201cO Governo do Estado, diante das opera\u00e7\u00f5es de buscas e apreens\u00f5es ocorridas nesta ter\u00e7a-feira (17) nas depend\u00eancias da administra\u00e7\u00e3o estadual, por conta da Opera\u00e7\u00e3o Calv\u00e1rio, vem esclarecer que desde o in\u00edcio da atual gest\u00e3o tem mantido a postura de colaborar com quaisquer informa\u00e7\u00f5es ou acesso que a Justi\u00e7a determinar em seus processos investigativos\u201d.<\/em><\/p>\n","protected":false},"excerpt":{"rendered":"<p>O Governo da Para\u00edba tratou, de forma sucinta, sobre a&nbsp;s\u00e9tima fase da Opera\u00e7\u00e3o Calv\u00e1rio&nbsp;em uma nota divulgada na tarde desta ter\u00e7a-feira, 17. No breve pronunciamento,&hellip; <\/p>\n","protected":false},"author":1,"featured_media":124170,"comment_status":"closed","ping_status":"closed","sticky":false,"template":"","format":"standard","meta":{"sfsi_plus_gutenberg_text_before_share":"","sfsi_plus_gutenberg_show_text_before_share":"","sfsi_plus_gutenberg_icon_type":"","sfsi_plus_gutenberg_icon_alignemt":"","sfsi_plus_gutenburg_max_per_row":"","footnotes":""},"categories":[11],"tags":[],"class_list":["post-141485","post","type-post","status-publish","format-standard","has-post-thumbnail","hentry","category-politica"],"_links":{"self":[{"href":"https:\/\/www.caririemacao.com\/1\/wp-json\/wp\/v2\/posts\/141485","targetHints":{"allow":["GET"]}}],"collection":[{"href":"https:\/\/www.caririemacao.com\/1\/wp-json\/wp\/v2\/posts"}],"about":[{"href":"https:\/\/www.caririemacao.com\/1\/wp-json\/wp\/v2\/types\/post"}],"author":[{"embeddable":true,"href":"https:\/\/www.caririemacao.com\/1\/wp-json\/wp\/v2\/users\/1"}],"replies":[{"embeddable":true,"href":"https:\/\/www.caririemacao.com\/1\/wp-json\/wp\/v2\/comments?post=141485"}],"version-history":[{"count":1,"href":"https:\/\/www.caririemacao.com\/1\/wp-json\/wp\/v2\/posts\/141485\/revisions"}],"predecessor-version":[{"id":141486,"href":"https:\/\/www.caririemacao.com\/1\/wp-json\/wp\/v2\/posts\/141485\/revisions\/141486"}],"wp:featuredmedia":[{"embeddable":true,"href":"https:\/\/www.caririemacao.com\/1\/wp-json\/wp\/v2\/media\/124170"}],"wp:attachment":[{"href":"https:\/\/www.caririemacao.com\/1\/wp-json\/wp\/v2\/media?parent=141485"}],"wp:term":[{"taxonomy":"category","embeddable":true,"href":"https:\/\/www.caririemacao.com\/1\/wp-json\/wp\/v2\/categories?post=141485"},{"taxonomy":"post_tag","embeddable":true,"href":"https:\/\/www.caririemacao.com\/1\/wp-json\/wp\/v2\/tags?post=141485"}],"curies":[{"name":"wp","href":"https:\/\/api.w.org\/{rel}","templated":true}]}}