{"id":141489,"date":"2019-12-18T09:16:38","date_gmt":"2019-12-18T12:16:38","guid":{"rendered":"http:\/\/www.caririemacao.com\/1\/?p=141489"},"modified":"2019-12-18T09:16:38","modified_gmt":"2019-12-18T12:16:38","slug":"o-antagonista-diz-que-ricardo-coutinho-esta-na-turquia-e-se-entrega-ate-esta-quinta-feira","status":"publish","type":"post","link":"https:\/\/www.caririemacao.com\/1\/2019\/12\/18\/o-antagonista-diz-que-ricardo-coutinho-esta-na-turquia-e-se-entrega-ate-esta-quinta-feira\/","title":{"rendered":"O Antagonista diz que Ricardo Coutinho est\u00e1 na Turquia e se entrega at\u00e9 esta quinta-feira"},"content":{"rendered":"\n<p>O ex-governador Ricardo Coutinho est\u00e1 na Turquia e avisou \u00e0 Pol\u00edcia Federal que se entrega, nesta quinta-feira (19), segundo o site O Antagonista. Ricardo \u00e9 alvo de mandado de pris\u00e3o preventiva em nova fase da Opera\u00e7\u00e3o Calv\u00e1rio.&nbsp;<\/p>\n\n\n\n<p>Ainda&nbsp;<a href=\"https:\/\/www.clickpb.com.br\/paraiba\/o-antagonista-diz-que-ricardo-coutinho-entrou-em-lista-de-procurados-da-interpol-274184.html\">segundo o site<\/a>, o ex-governador&nbsp;teve seu nome inclu\u00eddo na difus\u00e3o vermelha da Interpol, lista de pessoas procuradas por outros pa\u00edses.<\/p>\n\n\n\n<p>Na manh\u00e3 desta ter\u00e7a-feira (17), 350 policiais cumpriram 54 mandados de busca e apreens\u00e3o e 17 mandados de pris\u00e3o nos estados da Para\u00edba, Rio Grande do Norte, Rio de Janeiro, Goi\u00e2nia e Paran\u00e1. Ricardo Coutinho teve a pris\u00e3o preventiva decretada, mas est\u00e1 fora do pa\u00eds.<br><\/p>\n\n\n\n<p>A Pol\u00edcia Federal e Minist\u00e9rio P\u00fablico investigam esquema de desvio de recursos p\u00fablicos destinados aos servi\u00e7os de sa\u00fade na Para\u00edba, \u201cpor meio de fraudes em procedimentos licitat\u00f3rios e em concurso p\u00fablico, corrup\u00e7\u00e3o e financiamento de campanhas de agentes pol\u00edticos, bem como superfaturamento em equipamentos, servi\u00e7os e medicamentos\u201d.<\/p>\n\n\n\n<p>Segundo a PF, teriam sido desviados R$ 134,2 milh\u00f5es, dos quais mais de R$ 120 milh\u00f5es destinados a agentes pol\u00edticos e a campanhas eleitorais de 2010, 2014 e 2018.<\/p>\n","protected":false},"excerpt":{"rendered":"<p>O ex-governador Ricardo Coutinho est\u00e1 na Turquia e avisou \u00e0 Pol\u00edcia Federal que se entrega, nesta quinta-feira (19), segundo o site O Antagonista. Ricardo \u00e9&hellip; <\/p>\n","protected":false},"author":1,"featured_media":34880,"comment_status":"closed","ping_status":"closed","sticky":false,"template":"","format":"standard","meta":{"sfsi_plus_gutenberg_text_before_share":"","sfsi_plus_gutenberg_show_text_before_share":"","sfsi_plus_gutenberg_icon_type":"","sfsi_plus_gutenberg_icon_alignemt":"","sfsi_plus_gutenburg_max_per_row":"","footnotes":""},"categories":[11],"tags":[],"class_list":["post-141489","post","type-post","status-publish","format-standard","has-post-thumbnail","hentry","category-politica"],"_links":{"self":[{"href":"https:\/\/www.caririemacao.com\/1\/wp-json\/wp\/v2\/posts\/141489","targetHints":{"allow":["GET"]}}],"collection":[{"href":"https:\/\/www.caririemacao.com\/1\/wp-json\/wp\/v2\/posts"}],"about":[{"href":"https:\/\/www.caririemacao.com\/1\/wp-json\/wp\/v2\/types\/post"}],"author":[{"embeddable":true,"href":"https:\/\/www.caririemacao.com\/1\/wp-json\/wp\/v2\/users\/1"}],"replies":[{"embeddable":true,"href":"https:\/\/www.caririemacao.com\/1\/wp-json\/wp\/v2\/comments?post=141489"}],"version-history":[{"count":1,"href":"https:\/\/www.caririemacao.com\/1\/wp-json\/wp\/v2\/posts\/141489\/revisions"}],"predecessor-version":[{"id":141492,"href":"https:\/\/www.caririemacao.com\/1\/wp-json\/wp\/v2\/posts\/141489\/revisions\/141492"}],"wp:featuredmedia":[{"embeddable":true,"href":"https:\/\/www.caririemacao.com\/1\/wp-json\/wp\/v2\/media\/34880"}],"wp:attachment":[{"href":"https:\/\/www.caririemacao.com\/1\/wp-json\/wp\/v2\/media?parent=141489"}],"wp:term":[{"taxonomy":"category","embeddable":true,"href":"https:\/\/www.caririemacao.com\/1\/wp-json\/wp\/v2\/categories?post=141489"},{"taxonomy":"post_tag","embeddable":true,"href":"https:\/\/www.caririemacao.com\/1\/wp-json\/wp\/v2\/tags?post=141489"}],"curies":[{"name":"wp","href":"https:\/\/api.w.org\/{rel}","templated":true}]}}