{"id":141496,"date":"2019-12-18T10:21:09","date_gmt":"2019-12-18T13:21:09","guid":{"rendered":"http:\/\/www.caririemacao.com\/1\/?p=141496"},"modified":"2019-12-18T10:21:55","modified_gmt":"2019-12-18T13:21:55","slug":"prefeitura-de-ouro-velho-entrega-cestas-basicas-premia-os-melhores-alunos-e-distribui-kits-do-programa-criancas-de-ouro","status":"publish","type":"post","link":"https:\/\/www.caririemacao.com\/1\/2019\/12\/18\/prefeitura-de-ouro-velho-entrega-cestas-basicas-premia-os-melhores-alunos-e-distribui-kits-do-programa-criancas-de-ouro\/","title":{"rendered":"Prefeitura de Ouro Velho entrega cestas b\u00e1sicas, premia os melhores alunos e distribui kit\u00b4s do Programa Crian\u00e7as de Ouro"},"content":{"rendered":"\n<p>Em uma noite cheia de solidariedade e emo\u00e7\u00f5es, a Prefeitura de Ouro Velho distribuiu centenas de cestas b\u00e1sicas para as fam\u00edlias beneficiadas do Bolsa Fam\u00edlia. A distribui\u00e7\u00e3o ocorreu nesta ter\u00e7a-feira, dia 17, em frente a Prefeitura Municipal.<\/p>\n\n\n\n<figure class=\"wp-block-image\"><img fetchpriority=\"high\" decoding=\"async\" width=\"960\" height=\"636\" src=\"http:\/\/www.caririemacao.com\/1\/wp-content\/uploads\/2019\/12\/80056161_1747713815364634_6565593261308641280_o.jpg\" alt=\"\" class=\"wp-image-141510\" srcset=\"https:\/\/www.caririemacao.com\/1\/wp-content\/uploads\/2019\/12\/80056161_1747713815364634_6565593261308641280_o.jpg 960w, https:\/\/www.caririemacao.com\/1\/wp-content\/uploads\/2019\/12\/80056161_1747713815364634_6565593261308641280_o-300x199.jpg 300w, https:\/\/www.caririemacao.com\/1\/wp-content\/uploads\/2019\/12\/80056161_1747713815364634_6565593261308641280_o-768x509.jpg 768w\" sizes=\"(max-width: 960px) 100vw, 960px\" \/><\/figure>\n\n\n\n<p>Ainda neste momento, foram entregues os uniformes, t\u00eanis e\nbolas do Programa Crian\u00e7as de Ouro, idealizado pela prefeita Nat\u00e1lia.<\/p>\n\n\n\n<p>Tamb\u00e9m foram entregues as premia\u00e7\u00f5es para os melhores alunos\ndo ano de 2019 e para o professor com melhor projeto desenvolvido. Eles foram\npremiados com bicicletas e notebook. <\/p>\n\n\n\n<p>V\u00e1rias autoridades estiveram presentes no evento. Elas aproveitaram para destacar os avan\u00e7os que a cidade de Ouro Velho vem alcan\u00e7ando. \u201cEm 2020, vamos trabalhar mais que em 2019! Quando falamos em 2016 que no segundo mandato da prefeita ia ter muito mais trabalho e a\u00e7\u00f5es, n\u00e3o mentimos. Para o ano ai que tem coisas para nossa gente,\u201d comentou Dr. J\u00fanior, l\u00edder pol\u00edtico na cidade. <\/p>\n\n\n\n<p><a href=\"https:\/\/www.facebook.com\/pg\/CaririEmAcao\/photos\/?tab=album&amp;album_id=1747712612031421\">VEJA TODAS AS FOTOS<\/a><\/p>\n","protected":false},"excerpt":{"rendered":"<p>Em uma noite cheia de solidariedade e emo\u00e7\u00f5es, a Prefeitura de Ouro Velho distribuiu centenas de cestas b\u00e1sicas para as fam\u00edlias beneficiadas do Bolsa Fam\u00edlia.&hellip; <\/p>\n","protected":false},"author":2,"featured_media":141503,"comment_status":"closed","ping_status":"closed","sticky":false,"template":"","format":"standard","meta":{"sfsi_plus_gutenberg_text_before_share":"","sfsi_plus_gutenberg_show_text_before_share":"","sfsi_plus_gutenberg_icon_type":"","sfsi_plus_gutenberg_icon_alignemt":"","sfsi_plus_gutenburg_max_per_row":"","footnotes":""},"categories":[6,50],"tags":[],"class_list":["post-141496","post","type-post","status-publish","format-standard","has-post-thumbnail","hentry","category-cidades","category-destaque"],"_links":{"self":[{"href":"https:\/\/www.caririemacao.com\/1\/wp-json\/wp\/v2\/posts\/141496","targetHints":{"allow":["GET"]}}],"collection":[{"href":"https:\/\/www.caririemacao.com\/1\/wp-json\/wp\/v2\/posts"}],"about":[{"href":"https:\/\/www.caririemacao.com\/1\/wp-json\/wp\/v2\/types\/post"}],"author":[{"embeddable":true,"href":"https:\/\/www.caririemacao.com\/1\/wp-json\/wp\/v2\/users\/2"}],"replies":[{"embeddable":true,"href":"https:\/\/www.caririemacao.com\/1\/wp-json\/wp\/v2\/comments?post=141496"}],"version-history":[{"count":2,"href":"https:\/\/www.caririemacao.com\/1\/wp-json\/wp\/v2\/posts\/141496\/revisions"}],"predecessor-version":[{"id":141511,"href":"https:\/\/www.caririemacao.com\/1\/wp-json\/wp\/v2\/posts\/141496\/revisions\/141511"}],"wp:featuredmedia":[{"embeddable":true,"href":"https:\/\/www.caririemacao.com\/1\/wp-json\/wp\/v2\/media\/141503"}],"wp:attachment":[{"href":"https:\/\/www.caririemacao.com\/1\/wp-json\/wp\/v2\/media?parent=141496"}],"wp:term":[{"taxonomy":"category","embeddable":true,"href":"https:\/\/www.caririemacao.com\/1\/wp-json\/wp\/v2\/categories?post=141496"},{"taxonomy":"post_tag","embeddable":true,"href":"https:\/\/www.caririemacao.com\/1\/wp-json\/wp\/v2\/tags?post=141496"}],"curies":[{"name":"wp","href":"https:\/\/api.w.org\/{rel}","templated":true}]}}