{"id":141502,"date":"2019-12-18T10:11:32","date_gmt":"2019-12-18T13:11:32","guid":{"rendered":"http:\/\/www.caririemacao.com\/1\/?p=141502"},"modified":"2019-12-18T10:11:32","modified_gmt":"2019-12-18T13:11:32","slug":"camara-endurece-penas-para-quem-comete-maus-tratos-a-animal-domestico","status":"publish","type":"post","link":"https:\/\/www.caririemacao.com\/1\/2019\/12\/18\/camara-endurece-penas-para-quem-comete-maus-tratos-a-animal-domestico\/","title":{"rendered":"C\u00e2mara endurece penas para quem comete maus-tratos a animal dom\u00e9stico"},"content":{"rendered":"\n<p>O plen\u00e1rio da C\u00e2mara aprovou hoje (17) o projeto de lei que aumenta a pena para autores de maus-tratos a c\u00e3es e gatos dom\u00e9sticos. A mat\u00e9ria segue para o Senado.<\/p>\n\n\n\n<p>O texto aprovado prev\u00ea reclus\u00e3o de dois a cinco anos, multa e proibi\u00e7\u00e3o de guarda de animal, mas apenas para maus-tratos a c\u00e3es e gatos. A puni\u00e7\u00e3o pode chegar a seis anos em caso de morte do animal. Para os animais silvestres, ex\u00f3ticos ou nativos, a pena continua a mesma. Hoje, a Lei de Crimes Ambientais determina deten\u00e7\u00e3o de tr\u00eas meses a um ano e multa para casos de viol\u00eancia contra animais.<\/p>\n\n\n\n<p>Parlamentares endureceram a previs\u00e3o de pena ao adotar o regime de reclus\u00e3o, que prev\u00ea o in\u00edcio do cumprimento da pena em regime fechado, quando o r\u00e9u \u00e9 reincidente. J\u00e1 no regime de deten\u00e7\u00e3o, a pena pode ser cumprida em regime semiaberto ou aberto e tamb\u00e9m h\u00e1 possibilidade de convers\u00e3o da pena em doa\u00e7\u00e3o de cestas b\u00e1sicas.<\/p>\n\n\n\n<p>A mat\u00e9ria foi aprovada ontem (16) em comiss\u00e3o especial. Para o relator no colegiado, deputado Celso Sabino (PSDB-PA), a reclus\u00e3o \u00e9 mais indicada para os crimes contra c\u00e3es e gatos, porque pode ser imediatamente cumprida em regime fechado. Ele lembrou que c\u00e3es e gatos s\u00e3o os animais mais adotados como estima\u00e7\u00e3o no pa\u00eds.<\/p>\n\n\n\n<p>\u201c[O endurecimento da lei servir\u00e1] para evitarmos que aquele que pratica maus-tratos a animais possa sair na mesma hora ou no mesmo dia da delegacia. Uma lei que fa\u00e7a com que o cidad\u00e3o tenha medo de maltratar o animal e possa produzir exemplos para pessoas que estejam mal-intencionadas: se fizer aquilo, vai para o pres\u00eddio\u201d, argumentou o deputado.<\/p>\n\n\n\n<p>EBC<\/p>\n","protected":false},"excerpt":{"rendered":"<p>O plen\u00e1rio da C\u00e2mara aprovou hoje (17) o projeto de lei que aumenta a pena para autores de maus-tratos a c\u00e3es e gatos dom\u00e9sticos. A&hellip; <\/p>\n","protected":false},"author":1,"featured_media":141504,"comment_status":"closed","ping_status":"closed","sticky":false,"template":"","format":"standard","meta":{"sfsi_plus_gutenberg_text_before_share":"","sfsi_plus_gutenberg_show_text_before_share":"","sfsi_plus_gutenberg_icon_type":"","sfsi_plus_gutenberg_icon_alignemt":"","sfsi_plus_gutenburg_max_per_row":"","footnotes":""},"categories":[2],"tags":[],"class_list":["post-141502","post","type-post","status-publish","format-standard","has-post-thumbnail","hentry","category-geral"],"_links":{"self":[{"href":"https:\/\/www.caririemacao.com\/1\/wp-json\/wp\/v2\/posts\/141502","targetHints":{"allow":["GET"]}}],"collection":[{"href":"https:\/\/www.caririemacao.com\/1\/wp-json\/wp\/v2\/posts"}],"about":[{"href":"https:\/\/www.caririemacao.com\/1\/wp-json\/wp\/v2\/types\/post"}],"author":[{"embeddable":true,"href":"https:\/\/www.caririemacao.com\/1\/wp-json\/wp\/v2\/users\/1"}],"replies":[{"embeddable":true,"href":"https:\/\/www.caririemacao.com\/1\/wp-json\/wp\/v2\/comments?post=141502"}],"version-history":[{"count":1,"href":"https:\/\/www.caririemacao.com\/1\/wp-json\/wp\/v2\/posts\/141502\/revisions"}],"predecessor-version":[{"id":141505,"href":"https:\/\/www.caririemacao.com\/1\/wp-json\/wp\/v2\/posts\/141502\/revisions\/141505"}],"wp:featuredmedia":[{"embeddable":true,"href":"https:\/\/www.caririemacao.com\/1\/wp-json\/wp\/v2\/media\/141504"}],"wp:attachment":[{"href":"https:\/\/www.caririemacao.com\/1\/wp-json\/wp\/v2\/media?parent=141502"}],"wp:term":[{"taxonomy":"category","embeddable":true,"href":"https:\/\/www.caririemacao.com\/1\/wp-json\/wp\/v2\/categories?post=141502"},{"taxonomy":"post_tag","embeddable":true,"href":"https:\/\/www.caririemacao.com\/1\/wp-json\/wp\/v2\/tags?post=141502"}],"curies":[{"name":"wp","href":"https:\/\/api.w.org\/{rel}","templated":true}]}}