{"id":141512,"date":"2019-12-18T10:37:45","date_gmt":"2019-12-18T13:37:45","guid":{"rendered":"http:\/\/www.caririemacao.com\/1\/?p=141512"},"modified":"2019-12-18T10:37:45","modified_gmt":"2019-12-18T13:37:45","slug":"integrantes-do-psb-querem-licenca-de-ricardo-ex-governador-estaria-na-turquia","status":"publish","type":"post","link":"https:\/\/www.caririemacao.com\/1\/2019\/12\/18\/integrantes-do-psb-querem-licenca-de-ricardo-ex-governador-estaria-na-turquia\/","title":{"rendered":"Integrantes do PSB querem licen\u00e7a de Ricardo; ex-governador estaria na Turquia"},"content":{"rendered":"\n<p>Integrantes do PSB querem que ex-governador da Para\u00edba, Ricardo Coutinho, alvo de pedido de pris\u00e3o na Opera\u00e7\u00e3o Calv\u00e1rio nesta ter\u00e7a-feira (17), se licencie do partido. A informa\u00e7\u00e3o \u00e9 da coluna Painel do Jornal&nbsp; Folha de S\u00e3o Paulo, assinada interinamente pela jornalista Mariana Carneiro.<\/p>\n\n\n\n<p>De acordo com a coluna, os dirigentes da legenda querem que o ex-governador se afaste para isolar a crise do resto do PSB, que controla o estado Pernambuco.<\/p>\n\n\n\n<p>Ricardo Coutinho estaria na Turquia segundo o site O Antagonista, e teria avisado \u00e0 Pol\u00edcia Federal sobre o retorno ao Brasil at\u00e9 quinta-feira, quando se entregaria.<\/p>\n\n\n\n<p><em>Com Mais PB<\/em><\/p>\n","protected":false},"excerpt":{"rendered":"<p>Integrantes do PSB querem que ex-governador da Para\u00edba, Ricardo Coutinho, alvo de pedido de pris\u00e3o na Opera\u00e7\u00e3o Calv\u00e1rio nesta ter\u00e7a-feira (17), se licencie do partido.&hellip; <\/p>\n","protected":false},"author":1,"featured_media":141513,"comment_status":"closed","ping_status":"closed","sticky":false,"template":"","format":"standard","meta":{"sfsi_plus_gutenberg_text_before_share":"","sfsi_plus_gutenberg_show_text_before_share":"","sfsi_plus_gutenberg_icon_type":"","sfsi_plus_gutenberg_icon_alignemt":"","sfsi_plus_gutenburg_max_per_row":"","footnotes":""},"categories":[11],"tags":[],"class_list":["post-141512","post","type-post","status-publish","format-standard","has-post-thumbnail","hentry","category-politica"],"_links":{"self":[{"href":"https:\/\/www.caririemacao.com\/1\/wp-json\/wp\/v2\/posts\/141512","targetHints":{"allow":["GET"]}}],"collection":[{"href":"https:\/\/www.caririemacao.com\/1\/wp-json\/wp\/v2\/posts"}],"about":[{"href":"https:\/\/www.caririemacao.com\/1\/wp-json\/wp\/v2\/types\/post"}],"author":[{"embeddable":true,"href":"https:\/\/www.caririemacao.com\/1\/wp-json\/wp\/v2\/users\/1"}],"replies":[{"embeddable":true,"href":"https:\/\/www.caririemacao.com\/1\/wp-json\/wp\/v2\/comments?post=141512"}],"version-history":[{"count":1,"href":"https:\/\/www.caririemacao.com\/1\/wp-json\/wp\/v2\/posts\/141512\/revisions"}],"predecessor-version":[{"id":141514,"href":"https:\/\/www.caririemacao.com\/1\/wp-json\/wp\/v2\/posts\/141512\/revisions\/141514"}],"wp:featuredmedia":[{"embeddable":true,"href":"https:\/\/www.caririemacao.com\/1\/wp-json\/wp\/v2\/media\/141513"}],"wp:attachment":[{"href":"https:\/\/www.caririemacao.com\/1\/wp-json\/wp\/v2\/media?parent=141512"}],"wp:term":[{"taxonomy":"category","embeddable":true,"href":"https:\/\/www.caririemacao.com\/1\/wp-json\/wp\/v2\/categories?post=141512"},{"taxonomy":"post_tag","embeddable":true,"href":"https:\/\/www.caririemacao.com\/1\/wp-json\/wp\/v2\/tags?post=141512"}],"curies":[{"name":"wp","href":"https:\/\/api.w.org\/{rel}","templated":true}]}}