{"id":141517,"date":"2019-12-18T10:44:42","date_gmt":"2019-12-18T13:44:42","guid":{"rendered":"http:\/\/www.caririemacao.com\/1\/?p=141517"},"modified":"2019-12-18T10:44:42","modified_gmt":"2019-12-18T13:44:42","slug":"operacao-calvario-gervasio-maia-e-pedro-cunha-lima-brigam-no-congresso-e-trocam-acusacoes","status":"publish","type":"post","link":"https:\/\/www.caririemacao.com\/1\/2019\/12\/18\/operacao-calvario-gervasio-maia-e-pedro-cunha-lima-brigam-no-congresso-e-trocam-acusacoes\/","title":{"rendered":"Opera\u00e7\u00e3o Calv\u00e1rio: Gerv\u00e1sio Maia e Pedro Cunha Lima brigam no Congresso e trocam acusa\u00e7\u00f5es"},"content":{"rendered":"\n<p>Os deputados paraibanos Gerv\u00e1sio Maia (PSB) e Pedro Cunha Lima (PSDB) se desentenderam no Congresso na noite desta ter\u00e7a-feira (17). Enquanto Pedro Cunha Lima considerou positiva a decreta\u00e7\u00e3o da pris\u00e3o do ex-governador da Para\u00edba, Ricardo Coutinho, na s\u00e9tima fase da Opera\u00e7\u00e3o Calv\u00e1rio, Gerv\u00e1sio Maia saiu em defesa de Coutinho e lembrou que o pai de Pedro, C\u00e1ssio Cunha Lima, j\u00e1 foi cassado por corrup\u00e7\u00e3o.<\/p>\n\n\n\n<p>&#8220;Eu me lembro de uma \u00e9poca em que quem desagradasse o governador ia pra bala. Seu av\u00f4 Ronaldo Cunha Lima atirou na cara do ex-governador Tarc\u00edsio de Miranda Burity. \u00c9 essa pol\u00edtica que os senhores gostam ou aceitam no pa\u00eds? Na elei\u00e7\u00e3o do seu pai, que foi cassado por corrup\u00e7\u00e3o&#8230; Seu pai foi cassado, Pedro Cunha Lima, no exerc\u00edcio do cargo de governador da Para\u00edba. Repito: por corrup\u00e7\u00e3o&#8221;, disse Gerv\u00e1sio.<\/p>\n\n\n\n<p>&#8220;L\u00e1 na Para\u00edba, na nossa capital, Jo\u00e3o Pessoa, tem uma avenida chamada Epit\u00e1cio Pessoa. Foi na campanha do seu pai que choveu dinheiro na Epit\u00e1cio Pessoa&#8221;, completou Gerv\u00e1sio que finalizou dizendo: &#8220;Esse \u00e9 o paladino da moral e dos bons costumes que veio atacar um dos melhores e, por que n\u00e3o dizer, o melhor governador que a Para\u00edba j\u00e1 teve nas \u00faltimas d\u00e9cadas&#8221;.&nbsp;<\/p>\n\n\n\n<p>J\u00e1 Pedro Cunha Lima fez quest\u00e3o de esclarecer que n\u00e3o quis comemorar de nenhuma forma a pris\u00e3o de Ricardo Coutinho. &#8220;\u00c9 muito triste o que acontece hoje na Para\u00edba&#8221;, disse. N\u00e3o vamos fazer espet\u00e1culo de algo que \u00e9 triste, n\u00e3o vamos fazer palanque pol\u00edtico, fazer encena\u00e7\u00e3o&#8221;, completou.<\/p>\n\n\n\n<p>O deputado finalizou dizendo que existe um processo de mais de 200 p\u00e1ginas que mostra uma investiga\u00e7\u00e3o em curso e que existe uma decreta\u00e7\u00e3o de pris\u00e3o, &#8220;n\u00e3o do meu pai, mas do governador Ricardo Coutinho&#8221;.<\/p>\n\n\n\n<figure><iframe data-src=\"https:\/\/www.youtube.com\/embed\/lSi0n5t-jdc\" allowfullscreen=\"\" width=\"560\" height=\"315\" src=\"data:image\/svg+xml;base64,PHN2ZyB3aWR0aD0iMSIgaGVpZ2h0PSIxIiB4bWxucz0iaHR0cDovL3d3dy53My5vcmcvMjAwMC9zdmciPjwvc3ZnPg==\" class=\"lazyload\" data-load-mode=\"1\"><\/iframe><\/figure>\n\n\n\n<figure><iframe data-src=\"https:\/\/www.youtube.com\/embed\/KsgGDahJHB4\" allowfullscreen=\"\" width=\"560\" height=\"315\" src=\"data:image\/svg+xml;base64,PHN2ZyB3aWR0aD0iMSIgaGVpZ2h0PSIxIiB4bWxucz0iaHR0cDovL3d3dy53My5vcmcvMjAwMC9zdmciPjwvc3ZnPg==\" class=\"lazyload\" data-load-mode=\"1\"><\/iframe><\/figure>\n\n\n\n<p><\/p>\n","protected":false},"excerpt":{"rendered":"<p>Os deputados paraibanos Gerv\u00e1sio Maia (PSB) e Pedro Cunha Lima (PSDB) se desentenderam no Congresso na noite desta ter\u00e7a-feira (17). Enquanto Pedro Cunha Lima considerou&hellip; <\/p>\n","protected":false},"author":1,"featured_media":16576,"comment_status":"closed","ping_status":"closed","sticky":false,"template":"","format":"standard","meta":{"sfsi_plus_gutenberg_text_before_share":"","sfsi_plus_gutenberg_show_text_before_share":"","sfsi_plus_gutenberg_icon_type":"","sfsi_plus_gutenberg_icon_alignemt":"","sfsi_plus_gutenburg_max_per_row":"","footnotes":""},"categories":[11],"tags":[],"class_list":["post-141517","post","type-post","status-publish","format-standard","has-post-thumbnail","hentry","category-politica"],"_links":{"self":[{"href":"https:\/\/www.caririemacao.com\/1\/wp-json\/wp\/v2\/posts\/141517","targetHints":{"allow":["GET"]}}],"collection":[{"href":"https:\/\/www.caririemacao.com\/1\/wp-json\/wp\/v2\/posts"}],"about":[{"href":"https:\/\/www.caririemacao.com\/1\/wp-json\/wp\/v2\/types\/post"}],"author":[{"embeddable":true,"href":"https:\/\/www.caririemacao.com\/1\/wp-json\/wp\/v2\/users\/1"}],"replies":[{"embeddable":true,"href":"https:\/\/www.caririemacao.com\/1\/wp-json\/wp\/v2\/comments?post=141517"}],"version-history":[{"count":1,"href":"https:\/\/www.caririemacao.com\/1\/wp-json\/wp\/v2\/posts\/141517\/revisions"}],"predecessor-version":[{"id":141518,"href":"https:\/\/www.caririemacao.com\/1\/wp-json\/wp\/v2\/posts\/141517\/revisions\/141518"}],"wp:featuredmedia":[{"embeddable":true,"href":"https:\/\/www.caririemacao.com\/1\/wp-json\/wp\/v2\/media\/16576"}],"wp:attachment":[{"href":"https:\/\/www.caririemacao.com\/1\/wp-json\/wp\/v2\/media?parent=141517"}],"wp:term":[{"taxonomy":"category","embeddable":true,"href":"https:\/\/www.caririemacao.com\/1\/wp-json\/wp\/v2\/categories?post=141517"},{"taxonomy":"post_tag","embeddable":true,"href":"https:\/\/www.caririemacao.com\/1\/wp-json\/wp\/v2\/tags?post=141517"}],"curies":[{"name":"wp","href":"https:\/\/api.w.org\/{rel}","templated":true}]}}