{"id":141520,"date":"2019-12-18T11:51:56","date_gmt":"2019-12-18T14:51:56","guid":{"rendered":"http:\/\/www.caririemacao.com\/1\/?p=141520"},"modified":"2019-12-18T11:51:56","modified_gmt":"2019-12-18T14:51:56","slug":"senador-veneziano-vital-destina-recursos-para-compra-de-onibus-escolar-para-sume","status":"publish","type":"post","link":"https:\/\/www.caririemacao.com\/1\/2019\/12\/18\/senador-veneziano-vital-destina-recursos-para-compra-de-onibus-escolar-para-sume\/","title":{"rendered":"Senador Veneziano Vital destina recursos para compra de \u00f4nibus escolar para Sum\u00e9"},"content":{"rendered":"\n<p>O senador Veneziano Vital anunciou na tarde desta ter\u00e7a-feira (18) que destinou recursos no valor de R$ 274 mil para a compra de um \u00f4nibus escolar para o munic\u00edpio de Sum\u00e9.<\/p>\n\n\n\n<p>Veneziano fez o comunicado diretamente ao prefeito \u00c9den Duarte, que agradeceu prontamente o pleito e reafirmou que o senador Veneziano tem sido um grande parceiro da sua administra\u00e7\u00e3o e em consequ\u00eancia do munic\u00edpio de Sum\u00e9.<\/p>\n\n\n\n<p>Recentemente, Veneziano destinou R$ 400 mil ao munic\u00edpio para a obra de abastecimento d\u2019\u00e1gua do s\u00edtio Santo Agostinho. Obra que ser\u00e1 executada em conv\u00eanio com a Funasa e cuja ordem de servi\u00e7o j\u00e1 foi dada pelo prefeito \u00c9den.<\/p>\n\n\n\n<div class=\"wp-block-image\"><figure class=\"aligncenter\"><a href=\"http:\/\/www.sume.pb.gov.br\/wp-content\/uploads\/2019\/12\/IMG-20181030-WA0034.jpg\"><img decoding=\"async\" data-src=\"http:\/\/www.sume.pb.gov.br\/wp-content\/uploads\/2019\/12\/IMG-20181030-WA0034-300x225.jpg\" alt=\"\" class=\"wp-image-9362 lazyload\" src=\"data:image\/svg+xml;base64,PHN2ZyB3aWR0aD0iMSIgaGVpZ2h0PSIxIiB4bWxucz0iaHR0cDovL3d3dy53My5vcmcvMjAwMC9zdmciPjwvc3ZnPg==\" style=\"--smush-placeholder-width: 300px; --smush-placeholder-aspect-ratio: 300\/225;\" \/><\/a><\/figure><\/div>\n\n\n\n<p>Ascom<\/p>\n","protected":false},"excerpt":{"rendered":"<p>O senador Veneziano Vital anunciou na tarde desta ter\u00e7a-feira (18) que destinou recursos no valor de R$ 274 mil para a compra de um \u00f4nibus&hellip; <\/p>\n","protected":false},"author":1,"featured_media":141521,"comment_status":"closed","ping_status":"closed","sticky":false,"template":"","format":"standard","meta":{"sfsi_plus_gutenberg_text_before_share":"","sfsi_plus_gutenberg_show_text_before_share":"","sfsi_plus_gutenberg_icon_type":"","sfsi_plus_gutenberg_icon_alignemt":"","sfsi_plus_gutenburg_max_per_row":"","footnotes":""},"categories":[2],"tags":[],"class_list":["post-141520","post","type-post","status-publish","format-standard","has-post-thumbnail","hentry","category-geral"],"_links":{"self":[{"href":"https:\/\/www.caririemacao.com\/1\/wp-json\/wp\/v2\/posts\/141520","targetHints":{"allow":["GET"]}}],"collection":[{"href":"https:\/\/www.caririemacao.com\/1\/wp-json\/wp\/v2\/posts"}],"about":[{"href":"https:\/\/www.caririemacao.com\/1\/wp-json\/wp\/v2\/types\/post"}],"author":[{"embeddable":true,"href":"https:\/\/www.caririemacao.com\/1\/wp-json\/wp\/v2\/users\/1"}],"replies":[{"embeddable":true,"href":"https:\/\/www.caririemacao.com\/1\/wp-json\/wp\/v2\/comments?post=141520"}],"version-history":[{"count":1,"href":"https:\/\/www.caririemacao.com\/1\/wp-json\/wp\/v2\/posts\/141520\/revisions"}],"predecessor-version":[{"id":141522,"href":"https:\/\/www.caririemacao.com\/1\/wp-json\/wp\/v2\/posts\/141520\/revisions\/141522"}],"wp:featuredmedia":[{"embeddable":true,"href":"https:\/\/www.caririemacao.com\/1\/wp-json\/wp\/v2\/media\/141521"}],"wp:attachment":[{"href":"https:\/\/www.caririemacao.com\/1\/wp-json\/wp\/v2\/media?parent=141520"}],"wp:term":[{"taxonomy":"category","embeddable":true,"href":"https:\/\/www.caririemacao.com\/1\/wp-json\/wp\/v2\/categories?post=141520"},{"taxonomy":"post_tag","embeddable":true,"href":"https:\/\/www.caririemacao.com\/1\/wp-json\/wp\/v2\/tags?post=141520"}],"curies":[{"name":"wp","href":"https:\/\/api.w.org\/{rel}","templated":true}]}}