{"id":141530,"date":"2019-12-18T12:03:41","date_gmt":"2019-12-18T15:03:41","guid":{"rendered":"http:\/\/www.caririemacao.com\/1\/?p=141530"},"modified":"2019-12-18T12:03:41","modified_gmt":"2019-12-18T15:03:41","slug":"fred-pitanga-ex-secretario-de-ricardo-coutinho-morre-dentro-de-aviao-vitima-de-infarto","status":"publish","type":"post","link":"https:\/\/www.caririemacao.com\/1\/2019\/12\/18\/fred-pitanga-ex-secretario-de-ricardo-coutinho-morre-dentro-de-aviao-vitima-de-infarto\/","title":{"rendered":"Fred Pitanga, ex-secret\u00e1rio de Ricardo Coutinho, morre dentro de avi\u00e3o v\u00edtima de infarto"},"content":{"rendered":"\n<p>O engenheiro Fred Pitanga, que j\u00e1 ocupou o posto de secret\u00e1rio municipal de Jo\u00e3o Pessoa, faleceu nesta quarta-feira (18). De acordo com as primeiras informa\u00e7\u00f5es, ele teria sofrido um infarto fulminante dentro de um avi\u00e3o.<\/p>\n\n\n\n<p>Fred e sua esposa estavam viajando a caminho dos Estados Unidos quando aconteceu o infarto fulminante. O&nbsp;voo da Latam em que Fred faleceu havia sa\u00eddo de Recife com destino \u00e0 Fortaleza. No momento em que a aeronave pousou em Fortaleza,&nbsp;uma equipe do Servi\u00e7o de Atendimento M\u00f3vel de Urg\u00eancia (Samu) foi acionada, no entanto, o passageiro n\u00e3o resistiu e morreu.<\/p>\n\n\n\n<p>Fred ocupou o cargo de secret\u00e1rio de Infraestrutura de Jo\u00e3o Pessoa durante o mandato de Ricardo Coutinho. Ele tamb\u00e9m foi coordenador do Programa de Acelera\u00e7\u00e3o do Crescimento (PAC) em Jo\u00e3o Pessoa. Atualmente, Fred atuava como diretor&nbsp;de fiscaliza\u00e7\u00e3o da ARPB.<\/p>\n\n\n\n<p>Al\u00e9m disso, Fred integrava o Grupo Amigos da Barreira, que atua em defesa da Barreira do Cabo Branco. Nas redes sociais, os amigos e pessoas pr\u00f3ximas se manifestaram com pesar lamentando a morte de Fred Pitanga.<\/p>\n\n\n\n<p>O&nbsp;vereador Milanez Neto se pronunciou na C\u00e2mara de Vereadores de Jo\u00e3o Pessoa sobre o falecimento de Fred Pitanga e apresentou um voto de pesar.&nbsp;Outros vereadores presentes na sess\u00e3o tamb\u00e9m lamentaram o falecimento dele.<\/p>\n\n\n\n<p>O corpo de Fred Pitanga permanece em Fortaleza e a fam\u00edlia est\u00e1 providenciando o seu translado.&nbsp;At\u00e9 o momento, n\u00e3o h\u00e1 informa\u00e7\u00f5es sobre o vel\u00f3rio e sepultamento.<\/p>\n","protected":false},"excerpt":{"rendered":"<p>O engenheiro Fred Pitanga, que j\u00e1 ocupou o posto de secret\u00e1rio municipal de Jo\u00e3o Pessoa, faleceu nesta quarta-feira (18). De acordo com as primeiras informa\u00e7\u00f5es,&hellip; <\/p>\n","protected":false},"author":1,"featured_media":141531,"comment_status":"closed","ping_status":"closed","sticky":false,"template":"","format":"standard","meta":{"sfsi_plus_gutenberg_text_before_share":"","sfsi_plus_gutenberg_show_text_before_share":"","sfsi_plus_gutenberg_icon_type":"","sfsi_plus_gutenberg_icon_alignemt":"","sfsi_plus_gutenburg_max_per_row":"","footnotes":""},"categories":[11],"tags":[],"class_list":["post-141530","post","type-post","status-publish","format-standard","has-post-thumbnail","hentry","category-politica"],"_links":{"self":[{"href":"https:\/\/www.caririemacao.com\/1\/wp-json\/wp\/v2\/posts\/141530","targetHints":{"allow":["GET"]}}],"collection":[{"href":"https:\/\/www.caririemacao.com\/1\/wp-json\/wp\/v2\/posts"}],"about":[{"href":"https:\/\/www.caririemacao.com\/1\/wp-json\/wp\/v2\/types\/post"}],"author":[{"embeddable":true,"href":"https:\/\/www.caririemacao.com\/1\/wp-json\/wp\/v2\/users\/1"}],"replies":[{"embeddable":true,"href":"https:\/\/www.caririemacao.com\/1\/wp-json\/wp\/v2\/comments?post=141530"}],"version-history":[{"count":1,"href":"https:\/\/www.caririemacao.com\/1\/wp-json\/wp\/v2\/posts\/141530\/revisions"}],"predecessor-version":[{"id":141532,"href":"https:\/\/www.caririemacao.com\/1\/wp-json\/wp\/v2\/posts\/141530\/revisions\/141532"}],"wp:featuredmedia":[{"embeddable":true,"href":"https:\/\/www.caririemacao.com\/1\/wp-json\/wp\/v2\/media\/141531"}],"wp:attachment":[{"href":"https:\/\/www.caririemacao.com\/1\/wp-json\/wp\/v2\/media?parent=141530"}],"wp:term":[{"taxonomy":"category","embeddable":true,"href":"https:\/\/www.caririemacao.com\/1\/wp-json\/wp\/v2\/categories?post=141530"},{"taxonomy":"post_tag","embeddable":true,"href":"https:\/\/www.caririemacao.com\/1\/wp-json\/wp\/v2\/tags?post=141530"}],"curies":[{"name":"wp","href":"https:\/\/api.w.org\/{rel}","templated":true}]}}