{"id":141541,"date":"2019-12-18T12:08:00","date_gmt":"2019-12-18T15:08:00","guid":{"rendered":"http:\/\/www.caririemacao.com\/1\/?p=141541"},"modified":"2019-12-18T12:08:00","modified_gmt":"2019-12-18T15:08:00","slug":"goleiro-do-sao-paulo-acusado-de-agredir-esposa-e-preso-nos-eua","status":"publish","type":"post","link":"https:\/\/www.caririemacao.com\/1\/2019\/12\/18\/goleiro-do-sao-paulo-acusado-de-agredir-esposa-e-preso-nos-eua\/","title":{"rendered":"Goleiro do S\u00e3o Paulo acusado de agredir esposa \u00e9 preso nos EUA"},"content":{"rendered":"\n<p>O goleiro Jean, do S\u00e3o Paulo, est\u00e1 preso nos Estados Unidos ap\u00f3s ter sido acusado pela esposa, Milena Bemfica, de t\u00ea-la agredido.<br>O goleiro de 24 anos consta como &#8220;pr\u00e9-sentenciado&#8221; no sistema da pol\u00edcia do condado de Orange, na Fl\u00f3rida, por viol\u00eancia dom\u00e9stica. A informa\u00e7\u00e3o sobre a pris\u00e3o foi publicada inicialmente pelo site Globoesporte.com e confirmada pela reportagem.<\/p>\n\n\n\n<p>Na madrugada desta quarta (18), Milena publicou tr\u00eas v\u00eddeos em seu Instagram em que afirmou estar trancada num banheiro em Orlando e que ele havia acabado de machuc\u00e1-la. No v\u00eddeo, a mulher aparece com o rosto ferido, e \u00e9 poss\u00edvel ouvir uma voz ao fundo, que ela diz ser do atleta, do outro lado da porta.<\/p>\n\n\n\n<p>Na sequ\u00eancia dos v\u00eddeos, Milena publicou uma c\u00f3pia de mensagens que teria recebido do jogador, tamb\u00e9m pela rede social, na qual Jean diz que a mulher acabou com sua carreira e por isso &#8220;suas filhas v\u00e3o passar fome&#8221;. &#8220;Press\u00e3o psicol\u00f3gica p\u00f3s-agress\u00e3o&#8221;, declarou Milena.<\/p>\n\n\n\n<p>Procurada, a assessoria de imprensa do jogador diz que aguarda mais informa\u00e7\u00f5es sobre o caso e ainda n\u00e3o sabe se ele ir\u00e1 se pronunciar. O S\u00e3o Paulo emitiu um comunicado dizendo que acompanha o caso e &#8220;aguarda apura\u00e7\u00e3o dos fatos para definir as medidas cab\u00edveis&#8221;.<\/p>\n\n\n\n<p>Mais tarde, Milena apagou os v\u00eddeos e as mensagens iniciais e fez novas postagens. Nelas, diz que \u00e9 de madrugada em Orlando, que j\u00e1 est\u00e1 em outro lugar e a salvo. &#8220;J\u00e1 passou. Estou com as meninas [as filhas]. Depois eu vou me pronunciar&#8221;, afirmou ela, que tamb\u00e9m declarou estar sem telefone celular para se comunicar.<\/p>\n\n\n\n<p>O casal tem duas filhas e passava f\u00e9rias em Orlando, nos Estados Unidos.<br>No S\u00e3o Paulo desde 2018, Jean j\u00e1 teve problemas internos no clube. Desentendeu-se com o goleiro Sid\u00e3o, ent\u00e3o titular, pelas redes sociais,&nbsp;em mar\u00e7o do ano passado.<\/p>\n\n\n\n<p>O fato ocorreu pouco depois de Jean falhar durante a partida contra o S\u00e3o Caetano, pelo Campeonato Paulista. No dia seguinte, Sid\u00e3o postou um v\u00eddeo no seu Instagram com defesas suas pela equipe (ent\u00e3o, ele estava lesionado e afirmou que era uma comemora\u00e7\u00e3o por sua recupera\u00e7\u00e3o). No treino, o reserva foi tirar satisfa\u00e7\u00e3o pessoalmente com o companheiro, e o caso gerou grande mal-estar no elenco.<br>Um ano depois, Jean foi afastado dos treinos e multado ap\u00f3s deixar uma reuni\u00e3o comandada pelo ent\u00e3o t\u00e9cnico interino Vagner Mancini. Ele disse ter sido perseguido pelo treinador e cobrado por tomar banho ap\u00f3s partida contra o Palmeiras, derrota por 2 a 0.<\/p>\n\n\n\n<p>FOLHA PRESS<\/p>\n","protected":false},"excerpt":{"rendered":"<p>O goleiro Jean, do S\u00e3o Paulo, est\u00e1 preso nos Estados Unidos ap\u00f3s ter sido acusado pela esposa, Milena Bemfica, de t\u00ea-la agredido.O goleiro de 24&hellip; <\/p>\n","protected":false},"author":1,"featured_media":141542,"comment_status":"closed","ping_status":"closed","sticky":false,"template":"","format":"standard","meta":{"sfsi_plus_gutenberg_text_before_share":"","sfsi_plus_gutenberg_show_text_before_share":"","sfsi_plus_gutenberg_icon_type":"","sfsi_plus_gutenberg_icon_alignemt":"","sfsi_plus_gutenburg_max_per_row":"","footnotes":""},"categories":[12],"tags":[],"class_list":["post-141541","post","type-post","status-publish","format-standard","has-post-thumbnail","hentry","category-policia"],"_links":{"self":[{"href":"https:\/\/www.caririemacao.com\/1\/wp-json\/wp\/v2\/posts\/141541","targetHints":{"allow":["GET"]}}],"collection":[{"href":"https:\/\/www.caririemacao.com\/1\/wp-json\/wp\/v2\/posts"}],"about":[{"href":"https:\/\/www.caririemacao.com\/1\/wp-json\/wp\/v2\/types\/post"}],"author":[{"embeddable":true,"href":"https:\/\/www.caririemacao.com\/1\/wp-json\/wp\/v2\/users\/1"}],"replies":[{"embeddable":true,"href":"https:\/\/www.caririemacao.com\/1\/wp-json\/wp\/v2\/comments?post=141541"}],"version-history":[{"count":1,"href":"https:\/\/www.caririemacao.com\/1\/wp-json\/wp\/v2\/posts\/141541\/revisions"}],"predecessor-version":[{"id":141543,"href":"https:\/\/www.caririemacao.com\/1\/wp-json\/wp\/v2\/posts\/141541\/revisions\/141543"}],"wp:featuredmedia":[{"embeddable":true,"href":"https:\/\/www.caririemacao.com\/1\/wp-json\/wp\/v2\/media\/141542"}],"wp:attachment":[{"href":"https:\/\/www.caririemacao.com\/1\/wp-json\/wp\/v2\/media?parent=141541"}],"wp:term":[{"taxonomy":"category","embeddable":true,"href":"https:\/\/www.caririemacao.com\/1\/wp-json\/wp\/v2\/categories?post=141541"},{"taxonomy":"post_tag","embeddable":true,"href":"https:\/\/www.caririemacao.com\/1\/wp-json\/wp\/v2\/tags?post=141541"}],"curies":[{"name":"wp","href":"https:\/\/api.w.org\/{rel}","templated":true}]}}